{"id":2549,"date":"2026-08-30T17:00:00","date_gmt":"2026-08-30T22:00:00","guid":{"rendered":"https:\/\/radiomiaboyaca.com\/?p=2549"},"modified":"2026-08-31T01:18:53","modified_gmt":"2026-08-31T06:18:53","slug":"wilmar-paredes-se-consagro-campeon-de-la-clasica-azuero-2026-santiago-garzon-y-oscar-fernandez-completaron-el-podio","status":"publish","type":"post","link":"https:\/\/radiomiaboyaca.com\/index.php\/2026\/08\/30\/wilmar-paredes-se-consagro-campeon-de-la-clasica-azuero-2026-santiago-garzon-y-oscar-fernandez-completaron-el-podio\/","title":{"rendered":"Wilmar Paredes se consagr\u00f3 campe\u00f3n de la Cl\u00e1sica Azuero 2026; Santiago Garz\u00f3n y \u00d3scar Fern\u00e1ndez completaron el podio"},"content":{"rendered":"<div id=\"modal-ready\">\n<p>Luego de dos d\u00edas de competencia, antioque\u00f1o<strong> Wilmar Paredes <\/strong>se consagr\u00f3 campe\u00f3n de la <strong>Cl\u00e1sica Azuero 2026<\/strong>, tras defender el liderato en la jornada final. El corredor del <strong>Team Medell\u00edn-EPM <\/strong>sum\u00f3 su quinto t\u00edtulo por fuera del pa\u00eds tras conquistar este a\u00f1o la Vuelta de Republica Dominicana, Volta Cicl\u00edstica Internacional do Estado de S\u00e3o Paulo, el Tour de Beauce y el Gran Prix Chitr\u00e9.<\/p>\n<p>El podio de la carrera del calendario UCI de categor\u00eda 2.2, lo completaron sus compatriotas <strong>Santiago Garz\u00f3n (GW Erco Sportfitness)<\/strong> y <strong>\u00d3scar Fern\u00e1ndez (NU Colombia)<\/strong>, quienes ocuparon el 2\u00b0 y 3\u00b0 puesto, respectivamente.<\/p>\n<p>La \u00faltima etapa tuvo como ganador al serbio <strong>Dusan Rajovic (Solution Tech-NIPPO-Rali)<\/strong>, quien fue m\u00e1s r\u00e1pido en la definici\u00f3n, superando al colombiano <strong>Nicol\u00e1s G\u00f3mez (GW Erco Sportfitness)<\/strong> y al belice\u00f1o <strong>Derrick Chavarr\u00eda (Selecci\u00f3n de Belice)<\/strong>.<\/p>\n<p>La gira de los equipos colombianos por territorio paname\u00f1o fue muy productiva porque en todas los nacionales salieron victoriosos: el <strong>Gran Prix Panam\u00e1<\/strong> qued\u00f3 en manos de <strong>Nicol\u00e1s G\u00f3mez (GW Erco Sportfitness),<\/strong> mientras que el <strong>Gran Prix Chitr\u00e9 <\/strong>y la <strong>Cl\u00e1sica Azuero<\/strong> las gan\u00f3 <strong>Wilmar Paredes<\/strong>.<a href=\"https:\/\/www.procyclingstats.com\/rider\/dusan-rajovic\"><\/a><\/p>\n<p class=\"has-medium-font-size\"><strong>Cl\u00e1sica Azuero (2.2)<\/strong><br \/><strong>Resultados Etapa 2 | El Chicarr\u00f3n &#8211; El Chicarr\u00f3n (138,4 km)<\/strong><\/p>\n<figure class=\"wp-block-table\">\n<table>\n<tbody>\n<tr>\n<td>1<\/td>\n<td><\/td>\n<td><\/td>\n<td>Dusan Rajovic <\/td>\n<td>Solution Tech-NIPPO-Rali<\/td>\n<td><\/td>\n<td>3:06:22<\/td>\n<\/tr>\n<tr>\n<td><strong>2<\/strong><\/td>\n<td><\/td>\n<td><\/td>\n<td><strong>Nicol\u00e1s G\u00f3mez <\/strong><\/td>\n<td><strong>GW Erco SportFitness<\/strong><\/td>\n<td><\/td>\n<td><strong>m.t.<\/strong><\/td>\n<\/tr>\n<tr>\n<td>3<\/td>\n<td><\/td>\n<td><\/td>\n<td>Derrick Chavarr\u00eda <\/td>\n<td>Selecci\u00f3n de Belice <\/td>\n<td><\/td>\n<td>m.t.<\/td>\n<\/tr>\n<tr>\n<td><strong>4<\/strong><\/td>\n<td><\/td>\n<td><\/td>\n<td><strong>\u00c1lvaro Hodeg <\/strong><\/td>\n<td><strong>Team Medell\u00edn-EPM<\/strong><\/td>\n<td><\/td>\n<td><strong>m.t.<\/strong><\/td>\n<\/tr>\n<tr>\n<td>5<\/td>\n<td><\/td>\n<td><\/td>\n<td>Ben Granger <\/td>\n<td>Solution Tech-NIPPO-Rali<\/td>\n<td><\/td>\n<td>m.t.<\/td>\n<\/tr>\n<tr>\n<td><strong>6<\/strong><\/td>\n<td><\/td>\n<td><\/td>\n<td><strong>Wilmar Paredes <\/strong><\/td>\n<td><strong>Team Medell\u00edn-EPM<\/strong><\/td>\n<td><\/td>\n<td><strong>m.t.<\/strong><\/td>\n<\/tr>\n<tr>\n<td>7<\/td>\n<td><\/td>\n<td><\/td>\n<td>Gabriel Rojas <\/td>\n<td>Manzat\u00e9 La Selva Scott<\/td>\n<td><\/td>\n<td>m.t.<\/td>\n<\/tr>\n<tr>\n<td>8<\/td>\n<td><\/td>\n<td><\/td>\n<td><strong>Carlos Guti\u00e9rrez <\/strong><\/td>\n<td><strong>Nu Colombia<\/strong><\/td>\n<td><\/td>\n<td><strong>m.t.<\/strong><\/td>\n<\/tr>\n<tr>\n<td>9<\/td>\n<td><\/td>\n<td><\/td>\n<td>Bredio Ruiz <\/td>\n<td>Senafront <\/td>\n<td><\/td>\n<td>m.t.<\/td>\n<\/tr>\n<tr>\n<td>10<\/td>\n<td><\/td>\n<td><\/td>\n<td>Randol Izquierdo <\/td>\n<td>Gran Fondo Panam\u00e1<\/td>\n<td><\/td>\n<td>m.t.<\/td>\n<\/tr>\n<\/tbody>\n<\/table>\n<\/figure>\n<p class=\"has-medium-font-size\"><strong>Clasificaci\u00f3n General Final<\/strong><\/p>\n<figure class=\"wp-block-table\">\n<table>\n<tbody>\n<tr>\n<td><strong>1<\/strong><\/td>\n<td><\/td>\n<td><\/td>\n<td><strong>Wilmar Paredes <\/strong><\/td>\n<td><strong>Team Medell\u00edn-EPM<\/strong><\/td>\n<td><\/td>\n<td><strong>5:35:44<\/strong><\/td>\n<\/tr>\n<tr>\n<td><strong>2<\/strong><\/td>\n<td><\/td>\n<td><\/td>\n<td><strong>Santiago Garz\u00f3n <\/strong><\/td>\n<td><strong>GW Erco SportFitness<\/strong><\/td>\n<td><\/td>\n<td><strong>0:17<\/strong><\/td>\n<\/tr>\n<tr>\n<td><strong>3<\/strong><\/td>\n<td><\/td>\n<td><\/td>\n<td><strong>\u00d3scar Fern\u00e1ndez<\/strong><\/td>\n<td><strong>Nu Colombia<\/strong><\/td>\n<td><\/td>\n<td><strong>0:30<\/strong><\/td>\n<\/tr>\n<tr>\n<td><strong>4<\/strong><\/td>\n<td><\/td>\n<td><\/td>\n<td><strong>Juan Carlos L\u00f3pez <\/strong><\/td>\n<td><strong>GW Erco SportFitness<\/strong><\/td>\n<td><\/td>\n<td><strong>0:35<\/strong><\/td>\n<\/tr>\n<tr>\n<td>5<\/td>\n<td><\/td>\n<td><\/td>\n<td>Ben Granger <\/td>\n<td>Solution Tech-NIPPO-Rali<\/td>\n<td><\/td>\n<td>0:38<\/td>\n<\/tr>\n<tr>\n<td><strong>6<\/strong><\/td>\n<td><\/td>\n<td><\/td>\n<td><strong>Juan Diego Alba <\/strong><\/td>\n<td><strong>Nu Colombia<\/strong><\/td>\n<td><\/td>\n<td><strong>0:44<\/strong><\/td>\n<\/tr>\n<tr>\n<td><strong>7<\/strong><\/td>\n<td><\/td>\n<td><\/td>\n<td><strong>Brandon Vega<\/strong><\/td>\n<td><strong>GW Erco SportFitness<\/strong><\/td>\n<td><\/td>\n<td><strong>0:57<\/strong><\/td>\n<\/tr>\n<tr>\n<td>8<\/td>\n<td><\/td>\n<td><\/td>\n<td>Gabriel Rojas <\/td>\n<td>Manzat\u00e9 La Selva Scott<\/td>\n<td><\/td>\n<td>1:03<\/td>\n<\/tr>\n<tr>\n<td>9<\/td>\n<td><\/td>\n<td><\/td>\n<td>Bolivar Espinosa <\/td>\n<td>Senafront<\/td>\n<td><\/td>\n<td>1:03<\/td>\n<\/tr>\n<tr>\n<td><strong>10<\/strong><\/td>\n<td><\/td>\n<td><\/td>\n<td><strong>Bravo Felipe <\/strong><\/td>\n<td><strong>GW Erco SportFitness<\/strong><\/td>\n<td><\/td>\n<td><strong>1:07<\/strong><\/td>\n<\/tr>\n<\/tbody>\n<\/table>\n<\/figure>\n<\/div>\n","protected":false},"excerpt":{"rendered":"<p>Luego de dos d\u00edas de competencia, antioque\u00f1o Wilmar Paredes se consagr\u00f3 campe\u00f3n de la Cl\u00e1sica Azuero 2026, tras defender el liderato en la jornada final. El corredor del Team Medell\u00edn-EPM&hellip; <\/p>\n","protected":false},"author":1,"featured_media":0,"comment_status":"open","ping_status":"closed","sticky":false,"template":"Default","format":"standard","meta":{"om_disable_all_campaigns":false,"_monsterinsights_skip_tracking":false,"fifu_image_url":"","fifu_image_alt":"","footnotes":""},"categories":[9],"tags":[],"class_list":["post-2549","post","type-post","status-publish","format-standard","hentry","category-deportes"],"_links":{"self":[{"href":"https:\/\/radiomiaboyaca.com\/index.php\/wp-json\/wp\/v2\/posts\/2549","targetHints":{"allow":["GET"]}}],"collection":[{"href":"https:\/\/radiomiaboyaca.com\/index.php\/wp-json\/wp\/v2\/posts"}],"about":[{"href":"https:\/\/radiomiaboyaca.com\/index.php\/wp-json\/wp\/v2\/types\/post"}],"author":[{"embeddable":true,"href":"https:\/\/radiomiaboyaca.com\/index.php\/wp-json\/wp\/v2\/users\/1"}],"replies":[{"embeddable":true,"href":"https:\/\/radiomiaboyaca.com\/index.php\/wp-json\/wp\/v2\/comments?post=2549"}],"version-history":[{"count":1,"href":"https:\/\/radiomiaboyaca.com\/index.php\/wp-json\/wp\/v2\/posts\/2549\/revisions"}],"predecessor-version":[{"id":2550,"href":"https:\/\/radiomiaboyaca.com\/index.php\/wp-json\/wp\/v2\/posts\/2549\/revisions\/2550"}],"wp:attachment":[{"href":"https:\/\/radiomiaboyaca.com\/index.php\/wp-json\/wp\/v2\/media?parent=2549"}],"wp:term":[{"taxonomy":"category","embeddable":true,"href":"https:\/\/radiomiaboyaca.com\/index.php\/wp-json\/wp\/v2\/categories?post=2549"},{"taxonomy":"post_tag","embeddable":true,"href":"https:\/\/radiomiaboyaca.com\/index.php\/wp-json\/wp\/v2\/tags?post=2549"}],"curies":[{"name":"wp","href":"https:\/\/api.w.org\/{rel}","templated":true}]}}