{"id":2547,"date":"2026-08-29T10:37:39","date_gmt":"2026-08-29T15:37:39","guid":{"rendered":"https:\/\/radiomiaboyaca.com\/?p=2547"},"modified":"2026-08-30T01:18:36","modified_gmt":"2026-08-30T06:18:36","slug":"santiago-delgado-lidera-la-actuacion-de-la-seleccion-colombia-juvenil-benros-en-el-trofeo-comune-di-vertova","status":"publish","type":"post","link":"https:\/\/radiomiaboyaca.com\/index.php\/2026\/08\/29\/santiago-delgado-lidera-la-actuacion-de-la-seleccion-colombia-juvenil-benros-en-el-trofeo-comune-di-vertova\/","title":{"rendered":"Santiago Delgado lidera la actuaci\u00f3n de la Selecci\u00f3n Colombia Juvenil \u2013 Benros en el Trofeo Comune di Vertova"},"content":{"rendered":"<p>La Selecci\u00f3n Colombia Juvenil \u2013 Benros complet\u00f3 una destacada y batalladora actuaci\u00f3n este s\u00e1bado 29 de agosto durante la celebraci\u00f3n de la edici\u00f3n n\u00famero 28 del Trofeo Comune di Vertova \u2013 Memorial Pietro Merelli, carrera internacional de categor\u00eda UCI 1.1 MJ disputada sobre un circuito de 81,2 kil\u00f3metros recorridos a un ritmo vertiginoso (promedio del ganador de 46,96 km\/h).<\/p>\n<p>En un cuadro competitivo de primer nivel continental, la representaci\u00f3n colombiana dio muestra de su calidad y coraje en las carreteras lombardas. El santandereano Santiago Delgado Mantilla fue el ciclista nacional m\u00e1s destacado de la jornada al cruzar la l\u00ednea de meta en la casilla 28, encabezando el grupo perseguidor a 1 minuto y 55 segundos del vencedor de la prueba, el alem\u00e1n Karl Herzog (Grenke Auto Eder).<\/p>\n<p>Dentro de ese mismo grupo principal que arrib\u00f3 a 1:55 concluyeron sus compa\u00f1eros Mat\u00edas S\u00e1nchez Alzate (puesto 42) y Andr\u00e9s Felipe Walteros Vega (puesto 51), consolidando la presencia de tres escarabajos en la clasificaci\u00f3n general final entre m\u00e1s de 170 corredores inscritos. Por su parte, Santiago Parra Rinc\u00f3n y Thomas Mej\u00eda Gonz\u00e1lez se vieron obligados a abandonar antes del cierre de la jornada tras el desgaste generado por la exigente exigencia del trazado.<\/p>\n<p>La competencia se resolvi\u00f3 tras 1 hora, 43 minutos y 44 segundos de intensa batalla. El pedalista alem\u00e1n Karl Herzog (Grenke Auto Eder) se adjudic\u00f3 la victoria en solitario. El segundo lugar fue para el italiano Paolo Favero (Bustese Olonia A.S.D.) a 32 segundos, mientras que el podio lo complet\u00f3 el tambi\u00e9n italiano Enrico Andrea Balliana (Team Ecotek Zero24) en el tercer puesto, con el mismo registro de Favero.<\/p>\n<p>Sin dar tregua en el calendario, la Selecci\u00f3n Colombia Juvenil \u2013 Benros se alista de inmediato para tomar la salida este domingo 30 de agosto en el prestigioso Trofeo Paganessi, donde los ciclistas nacionales buscar\u00e1n ser protagonistas y continuar acumulando experiencia internacional ante la \u00e9lite del ciclismo junior mundial.<\/p>\n<p><strong>Resumen de la jornada:<\/strong><br \/>1 | Karl Herzog (Grenke Auto Eder) 1:43:44<br \/>2 | Paolo Favero (Bustese Olonia A.S.D.) +32<br \/>3 | Enrico Andrea Balliana (Team Ecotek Zero24) m.t.<br \/>28 | Santiago Delgado Mantilla +1:55<br \/>42 | Mat\u00edas S\u00e1nchez Alzate +1:55<br \/>51 | Andr\u00e9s Felipe Waltero Vega +1:55<br \/>DNF | Santiago Parra Rinc\u00f3n \u2014 Retiro<br \/>DNF | Thomas Mej\u00eda Gonz\u00e1lez \u2014 Retiro<\/p>\n<p><a href=\"https:\/\/efbt585jris.exactdn.com\/wp-content\/uploads\/2026\/08\/ORDINE-DARRIVO-UCI.pdf\" class=\"pdfemb-viewer\" style=\"\" data-width=\"max\" data-height=\"max\" data-toolbar=\"bottom\" data-toolbar-fixed=\"on\">ORDINE D&#039;ARRIVO UCI<\/a><\/p>\n","protected":false},"excerpt":{"rendered":"<p>La Selecci\u00f3n Colombia Juvenil \u2013 Benros complet\u00f3 una destacada y batalladora actuaci\u00f3n este s\u00e1bado 29 de agosto durante la celebraci\u00f3n de la edici\u00f3n n\u00famero 28 del Trofeo Comune di Vertova&hellip; <\/p>\n","protected":false},"author":1,"featured_media":0,"comment_status":"open","ping_status":"closed","sticky":false,"template":"Default","format":"standard","meta":{"om_disable_all_campaigns":false,"_monsterinsights_skip_tracking":false,"fifu_image_url":"","fifu_image_alt":"","footnotes":""},"categories":[20,9,21],"tags":[],"class_list":["post-2547","post","type-post","status-publish","format-standard","hentry","category-dato-del-dia","category-deportes","category-seleccion-del-editor"],"_links":{"self":[{"href":"https:\/\/radiomiaboyaca.com\/index.php\/wp-json\/wp\/v2\/posts\/2547","targetHints":{"allow":["GET"]}}],"collection":[{"href":"https:\/\/radiomiaboyaca.com\/index.php\/wp-json\/wp\/v2\/posts"}],"about":[{"href":"https:\/\/radiomiaboyaca.com\/index.php\/wp-json\/wp\/v2\/types\/post"}],"author":[{"embeddable":true,"href":"https:\/\/radiomiaboyaca.com\/index.php\/wp-json\/wp\/v2\/users\/1"}],"replies":[{"embeddable":true,"href":"https:\/\/radiomiaboyaca.com\/index.php\/wp-json\/wp\/v2\/comments?post=2547"}],"version-history":[{"count":1,"href":"https:\/\/radiomiaboyaca.com\/index.php\/wp-json\/wp\/v2\/posts\/2547\/revisions"}],"predecessor-version":[{"id":2548,"href":"https:\/\/radiomiaboyaca.com\/index.php\/wp-json\/wp\/v2\/posts\/2547\/revisions\/2548"}],"wp:attachment":[{"href":"https:\/\/radiomiaboyaca.com\/index.php\/wp-json\/wp\/v2\/media?parent=2547"}],"wp:term":[{"taxonomy":"category","embeddable":true,"href":"https:\/\/radiomiaboyaca.com\/index.php\/wp-json\/wp\/v2\/categories?post=2547"},{"taxonomy":"post_tag","embeddable":true,"href":"https:\/\/radiomiaboyaca.com\/index.php\/wp-json\/wp\/v2\/tags?post=2547"}],"curies":[{"name":"wp","href":"https:\/\/api.w.org\/{rel}","templated":true}]}}