{"id":2545,"date":"2026-08-29T12:41:34","date_gmt":"2026-08-29T17:41:34","guid":{"rendered":"https:\/\/radiomiaboyaca.com\/?p=2545"},"modified":"2026-08-30T01:18:36","modified_gmt":"2026-08-30T06:18:36","slug":"la-tercera-valida-nacional-de-pista-vivio-una-intensa-segunda-jornada-en-bogota","status":"publish","type":"post","link":"https:\/\/radiomiaboyaca.com\/index.php\/2026\/08\/29\/la-tercera-valida-nacional-de-pista-vivio-una-intensa-segunda-jornada-en-bogota\/","title":{"rendered":"La Tercera V\u00e1lida Nacional de Pista vivi\u00f3 una intensa segunda jornada en Bogot\u00e1"},"content":{"rendered":"<p>Bogot\u00e1 volvi\u00f3 a ser epicentro del ciclismo de pista colombiano con la disputa de la segunda jornada de la Tercera V\u00e1lida Nacional de Pista 2026, que reuni\u00f3 a m\u00e1s de 200 representantes de diferentes ligas, clubes, equipos y delegaciones nacionales e internacionales en el Vel\u00f3dromo Luis Carlos Gal\u00e1n Sarmiento.<\/p>\n<p>La programaci\u00f3n del viernes 28 de agosto estuvo marcada por las definiciones del Keirin, el \u00d3mnium, la Prueba por Puntos y la Velocidad, con una importante participaci\u00f3n en las categor\u00edas Prejuvenil, Juvenil y \u00c9lite.<\/p>\n<p>La jornada dej\u00f3 en evidencia el talento de las nuevas generaciones y la experiencia de los corredores \u00e9lite, en una competencia que contin\u00faa consolid\u00e1ndose como uno de los principales escenarios de preparaci\u00f3n y confrontaci\u00f3n del ciclismo de pista nacional.<\/p>\n<p>Una de las primeras definiciones de la jornada lleg\u00f3 en el Keirin Juvenil Masculino, prueba que tuvo una intensa fase clasificatoria y semifinales antes de la gran final. El t\u00edtulo qued\u00f3 en manos del bogotano Fabi\u00e1n Camilo S\u00e1nchez Ram\u00edrez, representante de Bogot\u00e1, quien se impuso en la final y se llev\u00f3 la medalla de oro. El podio fue completado por Juan Jos\u00e9 Calder\u00f3n Palacio, de Atletas del Futuro, con la medalla de plata, y Juan Jos\u00e9 Vargas Ur\u00e1n, de Antioquia, con el bronce.<\/p>\n<p>En la categor\u00eda \u00c9lite Masculina, el protagonismo fue para el especialista vallecaucano Kevin Santiago Quintero Chavarro, quien se impuso en la final del Keirin despu\u00e9s de superar las diferentes rondas clasificatorias. Quintero se llev\u00f3 la medalla de oro, seguido por Juan Diego Bautista Torres, de Santander, y Juan Diego Arboleda Salazar, de Valle, quienes completaron el podio.<\/p>\n<p>El \u00d3mnium Juvenil Femenino fue otra de las pruebas que concentr\u00f3 la atenci\u00f3n durante la jornada. Las corredoras disputaron las pruebas de Scratch, Tempo, Eliminaci\u00f3n y Prueba por Puntos, acumulando unidades hasta definir la clasificaci\u00f3n general. Despu\u00e9s de las tres primeras pruebas, Alix Nicolle Sanabria Moreno tom\u00f3 el liderato con 110 puntos, seguida por Emelith Rodr\u00edguez Fl\u00f3rez, con 108, y Mar\u00eda Fernanda G\u00f3mez Galeano, con 102. En la clasificaci\u00f3n final del \u00d3mnium, Sanabria confirm\u00f3 su triunfo con 126 puntos, mientras Rodr\u00edguez termin\u00f3 segunda con 121 y Sara Trujillo Orozco ascendi\u00f3 al tercer lugar con 120 unidades.<\/p>\n<p>En la rama \u00c9lite Masculina, el \u00d3mnium tuvo como gran protagonista a Juan Esteban Gonz\u00e1lez Acosta, de Cundinamarca. Gonz\u00e1lez lleg\u00f3 a la \u00faltima prueba con una importante ventaja y logr\u00f3 mantener el liderato para conquistar la clasificaci\u00f3n general con 129 puntos. El segundo puesto fue para Erin Fabi\u00e1n Espinel B\u00e1ez, de Boyac\u00e1 es para Vivirla, con 114 unidades, mientras que Nelson David Mari\u00f1o, de Santander, ocup\u00f3 la tercera posici\u00f3n con 105 puntos.<\/p>\n<p>La programaci\u00f3n tambi\u00e9n tuvo en acci\u00f3n a las corredoras de la categor\u00eda \u00c9lite Femenina en la Prueba por Puntos sobre 20 kil\u00f3metros y 60 vueltas. La victoria correspondi\u00f3 a Paula Andrea Carrasco Villalba, de Oro Express Just Cycling, quien acumul\u00f3 59 puntos durante la competencia.<br \/>La medalla de plata fue para Samara Bedoya Pati\u00f1o, del Team Sistecr\u00e9dito, con 52 puntos, mientras que Luisa Fernanda Naranjo Henao, de C\u00f3rdoba, consigui\u00f3 el bronce con 47 unidades.<\/p>\n<p>Los juveniles tambi\u00e9n tuvieron su espacio en la jornada con la disputa de la Prueba por Puntos Masculina sobre 20 kil\u00f3metros y 60 vueltas. El corredor de Casanare David Santiago Carmona Barrera fue el ganador, con 25 puntos. El segundo lugar correspondi\u00f3 a Leonardo Israel Ramos Castillo, de Canapro, con 20 puntos, mientras que Emiliano \u00c1lvarez, de GW Erco Sportfitness, complet\u00f3 el podio con 16 unidades.<\/p>\n<p>La Velocidad Prejuvenil Masculina tuvo una definici\u00f3n a dos hits de tres, despu\u00e9s de las rondas clasificatorias, cuartos de final y semifinales. El triunfo fue para Mart\u00edn Samuel Saavedra Hern\u00e1ndez, de Capital Bike, quien consigui\u00f3 el oro con un registro de 11.490 segundos. Mart\u00edn Hern\u00e1ndez Vergara, de Bogot\u00e1, obtuvo la plata, mientras que Juan Jos\u00e9 Mar\u00edn Franco, del Team Sistecr\u00e9dito, se qued\u00f3 con el bronce.<\/p>\n<p>En la categor\u00eda Prejuvenil Femenina, Sarahi Viviana Pe\u00f1a Ochoa, de Boyac\u00e1, se qued\u00f3 con el primer lugar en la Velocidad. Pe\u00f1a registr\u00f3 13.019 segundos en la definici\u00f3n y super\u00f3 a Camila Alejandra Arenas Pi\u00f1eres, de Santander, quien obtuvo la plata. El bronce fue para Mariana Mu\u00f1oz Aguirre, representante de Caldas.<\/p>\n<p>La Velocidad Juvenil Femenina tuvo como vencedora a Danna Valentina Mart\u00ednez Mahecha, de Casanare. Mart\u00ednez se impuso en la final con un registro de 11.503 segundos, mientras que Laura Sof\u00eda Rend\u00f3n Cort\u00e9s, de Bogot\u00e1, consigui\u00f3 la medalla de plata. El tercer puesto fue para Alison Tatiana G\u00f3mez Pati\u00f1o, del Club Power Cycling.<\/p>\n<p>En la categor\u00eda \u00c9lite Femenina, la jornada incluy\u00f3 la clasificaci\u00f3n de los 200 metros, semifinales y la programaci\u00f3n de la final. Stefany Lorena Cuadrado Fl\u00f3rez marc\u00f3 el mejor tiempo de 200 metros y domin\u00f3 cada ronda hasta la final, para obtener la medalla de oro. Ruth Jocabed Perdomo Rend\u00f3n (Fast Bike) e Isabela Garc\u00eda del Valle, finalizaron en el segundo y tercer lugar, respectivamente.<\/p>\n<p>La segunda jornada de la Tercera V\u00e1lida Nacional de Pista dej\u00f3 una amplia muestra del talento que re\u00fane actualmente el ciclismo de pista colombiano, con definiciones de lujo, protagonizadas por corredores de distintas generaciones y representantes de ligas, clubes y equipos de varias regiones del pa\u00eds.<\/p>\n<p>Con estas competencias, Bogot\u00e1 contin\u00faa siendo escenario de una importante confrontaci\u00f3n deportiva nacional, en una v\u00e1lida que re\u00fane a corredores en las categor\u00edas Prejuvenil, Juvenil y \u00c9lite, y que permite seguir fortaleciendo el proceso competitivo de las nuevas generaciones del ciclismo colombiano.<\/p>\n<p><strong>Resultados de la segunda jornada:<\/strong><\/p>\n<p><a href=\"https:\/\/efbt585jris.exactdn.com\/wp-content\/uploads\/2026\/08\/RESULTADOS-DIA-2-3.pdf\" class=\"pdfemb-viewer\" style=\"\" data-width=\"max\" data-height=\"max\" data-toolbar=\"bottom\" data-toolbar-fixed=\"on\">RESULTADOS DIA 2 (3)<\/a><\/p>\n","protected":false},"excerpt":{"rendered":"<p>Bogot\u00e1 volvi\u00f3 a ser epicentro del ciclismo de pista colombiano con la disputa de la segunda jornada de la Tercera V\u00e1lida Nacional de Pista 2026, que reuni\u00f3 a m\u00e1s de&hellip; <\/p>\n","protected":false},"author":1,"featured_media":0,"comment_status":"open","ping_status":"closed","sticky":false,"template":"Default","format":"standard","meta":{"om_disable_all_campaigns":false,"_monsterinsights_skip_tracking":false,"fifu_image_url":"","fifu_image_alt":"","footnotes":""},"categories":[20,9,21],"tags":[],"class_list":["post-2545","post","type-post","status-publish","format-standard","hentry","category-dato-del-dia","category-deportes","category-seleccion-del-editor"],"_links":{"self":[{"href":"https:\/\/radiomiaboyaca.com\/index.php\/wp-json\/wp\/v2\/posts\/2545","targetHints":{"allow":["GET"]}}],"collection":[{"href":"https:\/\/radiomiaboyaca.com\/index.php\/wp-json\/wp\/v2\/posts"}],"about":[{"href":"https:\/\/radiomiaboyaca.com\/index.php\/wp-json\/wp\/v2\/types\/post"}],"author":[{"embeddable":true,"href":"https:\/\/radiomiaboyaca.com\/index.php\/wp-json\/wp\/v2\/users\/1"}],"replies":[{"embeddable":true,"href":"https:\/\/radiomiaboyaca.com\/index.php\/wp-json\/wp\/v2\/comments?post=2545"}],"version-history":[{"count":1,"href":"https:\/\/radiomiaboyaca.com\/index.php\/wp-json\/wp\/v2\/posts\/2545\/revisions"}],"predecessor-version":[{"id":2546,"href":"https:\/\/radiomiaboyaca.com\/index.php\/wp-json\/wp\/v2\/posts\/2545\/revisions\/2546"}],"wp:attachment":[{"href":"https:\/\/radiomiaboyaca.com\/index.php\/wp-json\/wp\/v2\/media?parent=2545"}],"wp:term":[{"taxonomy":"category","embeddable":true,"href":"https:\/\/radiomiaboyaca.com\/index.php\/wp-json\/wp\/v2\/categories?post=2545"},{"taxonomy":"post_tag","embeddable":true,"href":"https:\/\/radiomiaboyaca.com\/index.php\/wp-json\/wp\/v2\/tags?post=2545"}],"curies":[{"name":"wp","href":"https:\/\/api.w.org\/{rel}","templated":true}]}}