{"id":2541,"date":"2026-08-29T15:49:46","date_gmt":"2026-08-29T20:49:46","guid":{"rendered":"https:\/\/radiomiaboyaca.com\/?p=2541"},"modified":"2026-08-30T01:18:36","modified_gmt":"2026-08-30T06:18:36","slug":"valentina-roa-y-juan-fernando-munoz-mejores-exponentes-americanos-en-la-final-elite-del-downhill-en-el-mundial-de-mtb-de-val-di-sole","status":"publish","type":"post","link":"https:\/\/radiomiaboyaca.com\/index.php\/2026\/08\/29\/valentina-roa-y-juan-fernando-munoz-mejores-exponentes-americanos-en-la-final-elite-del-downhill-en-el-mundial-de-mtb-de-val-di-sole\/","title":{"rendered":"Valentina Roa y Juan Fernando Mu\u00f1oz, mejores exponentes americanos en la final \u00e9lite del downhill en el Mundial de MTB de Val di Sole"},"content":{"rendered":"<p>Los ciclistas colombianos Valentina Roa y Juan Fernando Mu\u00f1oz, culminaron como los deportistas m\u00e1s destacados del continente americano en la final \u00e9lite del downhill que se cumpli\u00f3 este s\u00e1bado en el Campeonato Mundial de Mountain Bike, que se lleva a cabo en Val di Sole, Italia.<\/p>\n<p>En la rama femenina \u00e9lite, la austriaca Valentina H\u00f6ll reconfirm\u00f3 su hegemon\u00eda mundial al quedarse con el t\u00edtulo y la medalla de oro tras registrar un tiempo ganador de 4:01.558. La medalla de plata fue para la suiza Lisa Baumann, quien cruz\u00f3 la meta a 1.728 segundos de la ganadora con un guarismo de 4:03.286, mientras que la brit\u00e1nica Harriet Harnden complet\u00f3 el podio al adjudicarse la medalla de bronce con un tiempo de 4:03.604 (+2.046).<\/p>\n<p>Por su parte, la representaci\u00f3n colombiana corri\u00f3 a cargo de Valentina Roa S\u00e1nchez, quien firm\u00f3 una presentaci\u00f3n s\u00f3lida en el trazado italiano al ubicarse en la casilla 11 del mundo entre 38 participantes de 17 naciones, deteniendo el cron\u00f3metro en 4:11.940, a 10.382 segundos de H\u00f6ll.<\/p>\n<p><a href=\"https:\/\/efbt585jris.exactdn.com\/wp-content\/uploads\/2026\/08\/Valentina-Roa-DHI-1.jpg?strip=all&#038;lossy=1&#038;sharp=1&#038;w=2560&#038;ssl=1\"><img fetchpriority=\"high\" decoding=\"async\" class=\"aligncenter wp-image-97795 size-large\" src=\"https:\/\/radiomiaboyaca.com\/wp-content\/uploads\/2026\/08\/valentina-roa-y-juan-fernando-munoz-mejores-exponentes-americanos-en-la-final-elite-del-downhill-en-el-mundial-de-mtb-de-val-di-sole.jpg\" alt=\"\" width=\"1000\" height=\"545\" srcset=\"https:\/\/radiomiaboyaca.com\/wp-content\/uploads\/2026\/08\/valentina-roa-y-juan-fernando-munoz-mejores-exponentes-americanos-en-la-final-elite-del-downhill-en-el-mundial-de-mtb-de-val-di-sole.jpg 1024w, https:\/\/efbt585jris.exactdn.com\/wp-content\/uploads\/2026\/08\/Valentina-Roa-DHI-1-300x164.jpg?strip=all&amp;lossy=1&amp;sharp=1&amp;ssl=1 300w, https:\/\/efbt585jris.exactdn.com\/wp-content\/uploads\/2026\/08\/Valentina-Roa-DHI-1-768x419.jpg?strip=all&amp;lossy=1&amp;sharp=1&amp;ssl=1 768w, https:\/\/efbt585jris.exactdn.com\/wp-content\/uploads\/2026\/08\/Valentina-Roa-DHI-1-1536x838.jpg?strip=all&amp;lossy=1&amp;sharp=1&amp;ssl=1 1536w, https:\/\/efbt585jris.exactdn.com\/wp-content\/uploads\/2026\/08\/Valentina-Roa-DHI-1.jpg?strip=all&amp;lossy=1&amp;sharp=1&amp;ssl=1 1920w, https:\/\/efbt585jris.exactdn.com\/wp-content\/uploads\/2026\/08\/Valentina-Roa-DHI-1.jpg?strip=all&amp;lossy=1&amp;sharp=1&amp;w=384&amp;ssl=1 384w, https:\/\/efbt585jris.exactdn.com\/wp-content\/uploads\/2026\/08\/Valentina-Roa-DHI-1.jpg?strip=all&amp;lossy=1&amp;sharp=1&amp;w=1152&amp;ssl=1 1152w\" sizes=\"(max-width: 1000px) 100vw, 1000px\" \/><\/a><\/p>\n<p>En la competencia masculina \u00e9lite, el canadiense Jackson Goldstone conquist\u00f3 el maillot arco\u00edris al imponerse en una definici\u00f3n al l\u00edmite con un registro final de 3:28.785. El neozeland\u00e9s Lachlan Stevens-McNab obtuvo la medalla de plata al finalizar a escasas 695 mil\u00e9simas del vencedor (3:29.480), en tanto que el brit\u00e1nico Jordan Williams se reserv\u00f3 la medalla de bronce tras marcar 3:29.487, a tan solo 702 mil\u00e9simas de la medalla de oro.<\/p>\n<p>La actuaci\u00f3n colombiana en esta rama dej\u00f3 excelentes noticias de la mano de Juan Fernando Mu\u00f1oz, quien protagoniz\u00f3 una bajada memorable al conseguir una hist\u00f3rica posici\u00f3n 12 del mundo con un registro de 3:34.613, a apenas 5.828 segundos de Goldstone, destac\u00e1ndose de manera especial en el primer sector intermedio al registrar el tiempo m\u00e1s r\u00e1pido de la jornada (26.917).<\/p>\n<p>Finalmente, el tambi\u00e9n colombiano Sebasti\u00e1n Holgu\u00edn Villa cerr\u00f3 la participaci\u00f3n nacional en la casilla 44 entre 80 corredores de 31 pa\u00edses, marcando un tiempo total de 3:44.136 (+15.351).<\/p>\n<p><strong>Resultado Damas \u00c9lite DHI:<\/strong><\/p>\n<p><strong><a href=\"https:\/\/efbt585jris.exactdn.com\/wp-content\/uploads\/2026\/08\/Final-DHI-Damas-Mundial-MTB-2026.pdf\" class=\"pdfemb-viewer\" style=\"\" data-width=\"max\" data-height=\"max\" data-toolbar=\"bottom\" data-toolbar-fixed=\"on\">Final DHI Damas &#8211; Mundial MTB 2026<\/a><\/strong><\/p>\n<p>&nbsp;<\/p>\n<p><strong>Resultado Varones \u00c9lite DHI:<\/strong><\/p>\n<p><a href=\"https:\/\/efbt585jris.exactdn.com\/wp-content\/uploads\/2026\/08\/Final-DHI-Varones-MUndial-MTB-2026.pdf\" class=\"pdfemb-viewer\" style=\"\" data-width=\"max\" data-height=\"max\" data-toolbar=\"bottom\" data-toolbar-fixed=\"on\">Final DHI Varones &#8211; MUndial MTB 2026<\/a><\/p>\n","protected":false},"excerpt":{"rendered":"<p>Los ciclistas colombianos Valentina Roa y Juan Fernando Mu\u00f1oz, culminaron como los deportistas m\u00e1s destacados del continente americano en la final \u00e9lite del downhill que se cumpli\u00f3 este s\u00e1bado en&hellip; <\/p>\n","protected":false},"author":1,"featured_media":2544,"comment_status":"open","ping_status":"closed","sticky":false,"template":"","format":"standard","meta":{"om_disable_all_campaigns":false,"_monsterinsights_skip_tracking":false,"fifu_image_url":"https:\/\/efbt585jris.exactdn.com\/wp-content\/uploads\/2026\/08\/Valentina-Roa-DHI-1.jpg?strip=all&amp;lossy=1&amp;sharp=1&amp;w=384&amp;ssl=1","fifu_image_alt":"","footnotes":""},"categories":[20,9,21],"tags":[],"class_list":["post-2541","post","type-post","status-publish","format-standard","has-post-thumbnail","hentry","category-dato-del-dia","category-deportes","category-seleccion-del-editor"],"_links":{"self":[{"href":"https:\/\/radiomiaboyaca.com\/index.php\/wp-json\/wp\/v2\/posts\/2541","targetHints":{"allow":["GET"]}}],"collection":[{"href":"https:\/\/radiomiaboyaca.com\/index.php\/wp-json\/wp\/v2\/posts"}],"about":[{"href":"https:\/\/radiomiaboyaca.com\/index.php\/wp-json\/wp\/v2\/types\/post"}],"author":[{"embeddable":true,"href":"https:\/\/radiomiaboyaca.com\/index.php\/wp-json\/wp\/v2\/users\/1"}],"replies":[{"embeddable":true,"href":"https:\/\/radiomiaboyaca.com\/index.php\/wp-json\/wp\/v2\/comments?post=2541"}],"version-history":[{"count":1,"href":"https:\/\/radiomiaboyaca.com\/index.php\/wp-json\/wp\/v2\/posts\/2541\/revisions"}],"predecessor-version":[{"id":2543,"href":"https:\/\/radiomiaboyaca.com\/index.php\/wp-json\/wp\/v2\/posts\/2541\/revisions\/2543"}],"wp:featuredmedia":[{"embeddable":true,"href":"https:\/\/radiomiaboyaca.com\/index.php\/wp-json\/wp\/v2\/media\/2544"}],"wp:attachment":[{"href":"https:\/\/radiomiaboyaca.com\/index.php\/wp-json\/wp\/v2\/media?parent=2541"}],"wp:term":[{"taxonomy":"category","embeddable":true,"href":"https:\/\/radiomiaboyaca.com\/index.php\/wp-json\/wp\/v2\/categories?post=2541"},{"taxonomy":"post_tag","embeddable":true,"href":"https:\/\/radiomiaboyaca.com\/index.php\/wp-json\/wp\/v2\/tags?post=2541"}],"curies":[{"name":"wp","href":"https:\/\/api.w.org\/{rel}","templated":true}]}}