{"id":2539,"date":"2026-08-29T02:04:03","date_gmt":"2026-08-29T07:04:03","guid":{"rendered":"https:\/\/radiomiaboyaca.com\/?p=2539"},"modified":"2026-08-30T01:18:31","modified_gmt":"2026-08-30T06:18:31","slug":"ollie-jirovec-se-apunta-la-segunda-etapa-de-la-volta-a-portugal-juniores","status":"publish","type":"post","link":"https:\/\/radiomiaboyaca.com\/index.php\/2026\/08\/29\/ollie-jirovec-se-apunta-la-segunda-etapa-de-la-volta-a-portugal-juniores\/","title":{"rendered":"Ollie Jirovec se apunta la segunda etapa de la Volta a Portugal juniores"},"content":{"rendered":"<p>Ollie Jirovec (Willebrord Wil Vooruit) se apunt\u00f3 la segunda etapa de la Volta a Portugal Juniores, una joranda con final en Termas de Monfortinho, Idanha-a-Nova. Tom\u00e1s Mateus (Electromercantil GR-100) se mantiene como maillot amarillo a falta de los dos d\u00edas decisivos: la crono y la etapa de monta\u00f1a.<\/p>\n<p>La etapa del viernes de la <strong>Volta a Portugal de Juniores<\/strong> era la m\u00e1s larga de todas, con 119,7 kil\u00f3metros y con salida en <strong>Covilh\u00e3<\/strong> y meta en <strong>Termas de Monfortinho<\/strong>. La carrera fue loca desde el primer metro con grupos formados en los que se iban filtrando ciclistas bien clasificados en la general como Dimas Mota (Picusa Academy) o Martim Campos (Blackjack | Bairrada).<\/p>\n<p>Finalmente, <strong>Loek Hovers (Willebrord Wil Vooruit)<\/strong> consigui\u00f3 irse en solitario y acumular 50 segundos. Electromercantil GR-100 trabajaba en el pelot\u00f3n&#8230; pero se rompi\u00f3 la unidad y 17 corredores se marcharon en la parte final consiguiendo una renta m\u00ednima sobre el resto de ciclistas. En esa fuga la victoria fue para Ollie Jirovec mientras que segunda acababa Yoav Lewin (Picusa Academy).<\/p>\n<p>La tercera etapa es una contrarreloj individual de 18,8 kil\u00f3metros.<\/p>\n<p>Cr\u00e9ditos fotos: Rodrigo Rodrigues \/ FPC<\/p>\n<p>La entrada <a rel=\"nofollow\" href=\"https:\/\/www.zikloland.com\/ollie-jirovec-se-apunta-la-segunda-etapa-de-la-volta-a-portugal-juniores\/\">Ollie Jirovec se apunta la segunda etapa de la Volta a Portugal juniores<\/a> aparece primero en <a rel=\"nofollow\" href=\"https:\/\/www.zikloland.com\">Zikloland<\/a>.<\/p>\n","protected":false},"excerpt":{"rendered":"<p>Ollie Jirovec (Willebrord Wil Vooruit) se apunt\u00f3 la segunda etapa de la Volta a Portugal Juniores, una joranda con final en Termas de Monfortinho, Idanha-a-Nova. Tom\u00e1s Mateus (Electromercantil GR-100) se&hellip; <\/p>\n","protected":false},"author":1,"featured_media":0,"comment_status":"open","ping_status":"closed","sticky":false,"template":"Default","format":"standard","meta":{"om_disable_all_campaigns":false,"_monsterinsights_skip_tracking":false,"fifu_image_url":"","fifu_image_alt":"","footnotes":""},"categories":[9,1],"tags":[],"class_list":["post-2539","post","type-post","status-publish","format-standard","hentry","category-deportes","category-sin-categoria"],"_links":{"self":[{"href":"https:\/\/radiomiaboyaca.com\/index.php\/wp-json\/wp\/v2\/posts\/2539","targetHints":{"allow":["GET"]}}],"collection":[{"href":"https:\/\/radiomiaboyaca.com\/index.php\/wp-json\/wp\/v2\/posts"}],"about":[{"href":"https:\/\/radiomiaboyaca.com\/index.php\/wp-json\/wp\/v2\/types\/post"}],"author":[{"embeddable":true,"href":"https:\/\/radiomiaboyaca.com\/index.php\/wp-json\/wp\/v2\/users\/1"}],"replies":[{"embeddable":true,"href":"https:\/\/radiomiaboyaca.com\/index.php\/wp-json\/wp\/v2\/comments?post=2539"}],"version-history":[{"count":1,"href":"https:\/\/radiomiaboyaca.com\/index.php\/wp-json\/wp\/v2\/posts\/2539\/revisions"}],"predecessor-version":[{"id":2540,"href":"https:\/\/radiomiaboyaca.com\/index.php\/wp-json\/wp\/v2\/posts\/2539\/revisions\/2540"}],"wp:attachment":[{"href":"https:\/\/radiomiaboyaca.com\/index.php\/wp-json\/wp\/v2\/media?parent=2539"}],"wp:term":[{"taxonomy":"category","embeddable":true,"href":"https:\/\/radiomiaboyaca.com\/index.php\/wp-json\/wp\/v2\/categories?post=2539"},{"taxonomy":"post_tag","embeddable":true,"href":"https:\/\/radiomiaboyaca.com\/index.php\/wp-json\/wp\/v2\/tags?post=2539"}],"curies":[{"name":"wp","href":"https:\/\/api.w.org\/{rel}","templated":true}]}}