{"id":2537,"date":"2026-08-29T02:12:11","date_gmt":"2026-08-29T07:12:11","guid":{"rendered":"https:\/\/radiomiaboyaca.com\/?p=2537"},"modified":"2026-08-30T01:18:31","modified_gmt":"2026-08-30T06:18:31","slug":"vuelta-a-espana-una-buena-oportunidad-para-velocistas-en-xeraco","status":"publish","type":"post","link":"https:\/\/radiomiaboyaca.com\/index.php\/2026\/08\/29\/vuelta-a-espana-una-buena-oportunidad-para-velocistas-en-xeraco\/","title":{"rendered":"Vuelta a Espa\u00f1a: una buena oportunidad para velocistas en Xeraco"},"content":{"rendered":"<p>La octava etapa de la Vuelta a Espa\u00f1a de 2026 se disputar\u00e1 de forma \u00edntegra en la provincia de Valencia, puesto que la salida est\u00e1 prevista en Pu\u00e7ol y la meta ser\u00e1 plantada en Xeraco, dos ciudades pr\u00f3ximas al mar dentro de un recorrido que, sin embargo, se realizar\u00e1 en su mayor parte por ciudades del interior como Montserrat.<\/p>\n<p>La etapa se disputar\u00e1 sobre un total de 172 kil\u00f3metros y llevar\u00e1 a los ciclistas a recorrer una zona muy utilizada por los cicloturistas valencianos de la zona norte de la ciudad, la que va de <strong>N\u00e1quera a B\u00e9tera o Riba-roja<\/strong>, para posteriormente ir a la zona que suelen utilizar los cicloturistas de la zona sur, con <strong>Montserrat<\/strong> como epicentro. Todo ese terreno es llano, con alg\u00fan que otro repecho que en categor\u00eda profesional no marca diferencias.<\/p>\n<p>La parte decisiva arranca tras la meta volante de <strong>Simat de la Valldigna<\/strong>. Ah\u00ed comienza la subida al <strong>Puerto de Barx,<\/strong> de tercera categor\u00eda. Hablamos de una subida muy larga, puesto que son m\u00e1s de 8 kil\u00f3metros, pero de pendiente muy suave, apenas un 3,8%. Eso s\u00ed, en la parte final es m\u00e1s exigente y ah\u00ed es donde algunos velocistas puros podr\u00edan perder su oportunidad de llegar a Xeraco con opciones de pelear por la victoria&#8230; si una escapada no lo impide.<\/p>\n<p>FOTO: PROCYCLINGSTATS.COM<\/p>\n<p>&nbsp;<\/p>\n<p>La entrada <a rel=\"nofollow\" href=\"https:\/\/www.zikloland.com\/vuelta-a-espana-una-buena-oportunidad-para-velocistas-en-xeraco\/\">Vuelta a Espa\u00f1a: una buena oportunidad para velocistas en Xeraco<\/a> aparece primero en <a rel=\"nofollow\" href=\"https:\/\/www.zikloland.com\">Zikloland<\/a>.<\/p>\n","protected":false},"excerpt":{"rendered":"<p>La octava etapa de la Vuelta a Espa\u00f1a de 2026 se disputar\u00e1 de forma \u00edntegra en la provincia de Valencia, puesto que la salida est\u00e1 prevista en Pu\u00e7ol y la&hellip; <\/p>\n","protected":false},"author":1,"featured_media":0,"comment_status":"open","ping_status":"closed","sticky":false,"template":"Default","format":"standard","meta":{"om_disable_all_campaigns":false,"_monsterinsights_skip_tracking":false,"fifu_image_url":"","fifu_image_alt":"","footnotes":""},"categories":[9,1],"tags":[],"class_list":["post-2537","post","type-post","status-publish","format-standard","hentry","category-deportes","category-sin-categoria"],"_links":{"self":[{"href":"https:\/\/radiomiaboyaca.com\/index.php\/wp-json\/wp\/v2\/posts\/2537","targetHints":{"allow":["GET"]}}],"collection":[{"href":"https:\/\/radiomiaboyaca.com\/index.php\/wp-json\/wp\/v2\/posts"}],"about":[{"href":"https:\/\/radiomiaboyaca.com\/index.php\/wp-json\/wp\/v2\/types\/post"}],"author":[{"embeddable":true,"href":"https:\/\/radiomiaboyaca.com\/index.php\/wp-json\/wp\/v2\/users\/1"}],"replies":[{"embeddable":true,"href":"https:\/\/radiomiaboyaca.com\/index.php\/wp-json\/wp\/v2\/comments?post=2537"}],"version-history":[{"count":1,"href":"https:\/\/radiomiaboyaca.com\/index.php\/wp-json\/wp\/v2\/posts\/2537\/revisions"}],"predecessor-version":[{"id":2538,"href":"https:\/\/radiomiaboyaca.com\/index.php\/wp-json\/wp\/v2\/posts\/2537\/revisions\/2538"}],"wp:attachment":[{"href":"https:\/\/radiomiaboyaca.com\/index.php\/wp-json\/wp\/v2\/media?parent=2537"}],"wp:term":[{"taxonomy":"category","embeddable":true,"href":"https:\/\/radiomiaboyaca.com\/index.php\/wp-json\/wp\/v2\/categories?post=2537"},{"taxonomy":"post_tag","embeddable":true,"href":"https:\/\/radiomiaboyaca.com\/index.php\/wp-json\/wp\/v2\/tags?post=2537"}],"curies":[{"name":"wp","href":"https:\/\/api.w.org\/{rel}","templated":true}]}}