{"id":2532,"date":"2026-08-29T17:00:00","date_gmt":"2026-08-29T22:00:00","guid":{"rendered":"https:\/\/radiomiaboyaca.com\/?p=2532"},"modified":"2026-08-30T01:18:30","modified_gmt":"2026-08-30T06:18:30","slug":"karl-herzog-conquisto-el-trofeo-comune-di-vertova-carrera-que-marco-el-inicio-de-la-gira-de-la-seleccion-colombia-junior-de-ruta","status":"publish","type":"post","link":"https:\/\/radiomiaboyaca.com\/index.php\/2026\/08\/29\/karl-herzog-conquisto-el-trofeo-comune-di-vertova-carrera-que-marco-el-inicio-de-la-gira-de-la-seleccion-colombia-junior-de-ruta\/","title":{"rendered":"Karl Herzog conquist\u00f3 el Trofeo Comune di Vertova, carrera que marc\u00f3 el inicio de la gira de la selecci\u00f3n Colombia junior de ruta"},"content":{"rendered":"<div id=\"modal-ready\">\n<p>El corredor teut\u00f3n <strong>Karl Herzog (Grenke &#8211; Auto Eder)<\/strong> gan\u00f3 el <strong>Trofeo Comune di Vertova &#8211; Memorial Pietro Merelli<\/strong>, carrera UCI (1.1) de la categor\u00eda junior, tras recorrer 81,4 kil\u00f3metros por los alrededores de la provincia de B\u00e9rgamo, al norte de Italia.<\/p>\n<p>El alem\u00e1n, que alcanz\u00f3 su <strong>s\u00e9ptima victoria de la temporada<\/strong>, termin\u00f3 acompa\u00f1ado en el podio de la carrera italiana por los locales <strong>Paolo Favero (Bustese Olonia ASD)<\/strong> y <strong>Enrico Andrea Balliana (Gallina Ecotek Lucchini)<\/strong>, quienes terminaron 2\u00b0 y 3\u00b0, respectivamente.<\/p>\n<\/p>\n<figure class=\"wp-block-image size-large\"><img loading=\"lazy\" decoding=\"async\" width=\"1024\" height=\"768\" src=\"https:\/\/www.revistamundociclistico.com\/wp-content\/uploads\/2026\/08\/Seleccion-Colombia-Junior-Benros-TrofeoComuneVeertova-2026-1-1024x768.jpeg\" alt=\"\" class=\"wp-image-214457\" srcset=\"https:\/\/www.revistamundociclistico.com\/wp-content\/uploads\/2026\/08\/Seleccion-Colombia-Junior-Benros-TrofeoComuneVeertova-2026-1-1024x768.jpeg 1024w, https:\/\/www.revistamundociclistico.com\/wp-content\/uploads\/2026\/08\/Seleccion-Colombia-Junior-Benros-TrofeoComuneVeertova-2026-1-300x225.jpeg 300w, https:\/\/www.revistamundociclistico.com\/wp-content\/uploads\/2026\/08\/Seleccion-Colombia-Junior-Benros-TrofeoComuneVeertova-2026-1-768x576.jpeg 768w, https:\/\/www.revistamundociclistico.com\/wp-content\/uploads\/2026\/08\/Seleccion-Colombia-Junior-Benros-TrofeoComuneVeertova-2026-1-1536x1152.jpeg 1536w, https:\/\/www.revistamundociclistico.com\/wp-content\/uploads\/2026\/08\/Seleccion-Colombia-Junior-Benros-TrofeoComuneVeertova-2026-1-500x375.jpeg 500w, https:\/\/www.revistamundociclistico.com\/wp-content\/uploads\/2026\/08\/Seleccion-Colombia-Junior-Benros-TrofeoComuneVeertova-2026-1-700x525.jpeg 700w, https:\/\/www.revistamundociclistico.com\/wp-content\/uploads\/2026\/08\/Seleccion-Colombia-Junior-Benros-TrofeoComuneVeertova-2026-1.jpeg 2040w\" sizes=\"auto, (max-width: 1024px) 100vw, 1024px\" \/><figcaption class=\"wp-element-caption\"><em>Los cinco juveniles colombianos que afrontaron el Trofeo Comune di Vertova &#8211; Memorial Pietro Merelli 2026. (Foto \u00a9 FCC)<\/em><\/figcaption><\/figure>\n<p>La carrera italiana, que disput\u00f3 su vig\u00e9sima octava edici\u00f3n, cont\u00f3 con la <strong>participaci\u00f3n de la selecci\u00f3n Colombia junior de ruta <\/strong>dirigida por <strong>Alex Cano<\/strong> que tuvo a <strong>Santiago Delgado<\/strong> como el mejor ubicado en el puesto 28\u00b0, luego se clasificaron <strong>Mat\u00edas Sanchez 42\u00b0 y<\/strong> <strong>Andr\u00e9s Felipe Walteros<\/strong> 51\u00b0, mientras que <strong> Santiago Parra<\/strong> y <strong>Thomas Mej\u00eda <\/strong>no concluyeron la prueba.<\/p>\n<p>Para destacacar, que es la tercera ocasi\u00f3n que un alem\u00e1n consigue ganar esta carrera italiana, corrida por primera vez en 1997 con victoria del australiano <strong>Michael Rogers<\/strong>, al a\u00f1o siguiente fue ganada por el suizo<strong> Fabian Cancellara<\/strong>. En su palmar\u00e9s tambi\u00e9n figuran nombres como el de <strong>Matteo Trentin<\/strong>, Jacopo Mosca, Luca Mozzato y Davide Donati, entre otros.<\/p>\n<\/p>\n<figure class=\"wp-block-image size-large\"><img loading=\"lazy\" decoding=\"async\" width=\"1024\" height=\"704\" src=\"https:\/\/www.revistamundociclistico.com\/wp-content\/uploads\/2026\/07\/Karl-Herzog-4ET-Tour-Valromey-2026-1024x704.jpg\" alt=\"\" class=\"wp-image-211751\" srcset=\"https:\/\/www.revistamundociclistico.com\/wp-content\/uploads\/2026\/07\/Karl-Herzog-4ET-Tour-Valromey-2026-1024x704.jpg 1024w, https:\/\/www.revistamundociclistico.com\/wp-content\/uploads\/2026\/07\/Karl-Herzog-4ET-Tour-Valromey-2026-300x206.jpg 300w, https:\/\/www.revistamundociclistico.com\/wp-content\/uploads\/2026\/07\/Karl-Herzog-4ET-Tour-Valromey-2026-768x528.jpg 768w, https:\/\/www.revistamundociclistico.com\/wp-content\/uploads\/2026\/07\/Karl-Herzog-4ET-Tour-Valromey-2026-500x344.jpg 500w, https:\/\/www.revistamundociclistico.com\/wp-content\/uploads\/2026\/07\/Karl-Herzog-4ET-Tour-Valromey-2026-700x481.jpg 700w, https:\/\/www.revistamundociclistico.com\/wp-content\/uploads\/2026\/07\/Karl-Herzog-4ET-Tour-Valromey-2026.jpg 1200w\" sizes=\"auto, (max-width: 1024px) 100vw, 1024px\" \/><figcaption class=\"wp-element-caption\"><em>El alem\u00e1n Karl Herzog gan\u00f3 el Trofeo Comune di Vertova &#8211; Memorial Pietro Merelli 2026. (Foto \u00a9 Red Bull &#8211; BORA &#8211; Hansgrohe)<\/em><\/figcaption><\/figure>\n<p class=\"has-medium-font-size\"><a href=\"https:\/\/www.procyclingstats.com\/rider\/karl-herzog\"><\/a><strong>Resultados Trofeo Comune di Vertova &#8211; Memorial Pietro Merelli (1.1)<\/strong><br \/><strong>Vertova &#8211; Vertova (81,4 km)<\/strong><\/p>\n<figure class=\"wp-block-table\">\n<table>\n<tbody>\n<tr>\n<td>1<\/td>\n<td>Karl Herzog <\/td>\n<td>Grenke &#8211; Auto Eder<\/td>\n<td>1:43:44<\/td>\n<\/tr>\n<tr>\n<td>2<\/td>\n<td>Paolo Favero <\/td>\n<td>Bustese Olonia ASD<\/td>\n<td>0:32<\/td>\n<\/tr>\n<tr>\n<td>3<\/td>\n<td>Enrico Balliana <\/td>\n<td>Gallina Ecotek Lucchini<\/td>\n<td>0:32<\/td>\n<\/tr>\n<tr>\n<td>4<\/td>\n<td>Julius Birkedal <\/td>\n<td>Grenke &#8211; Auto Eder<\/td>\n<td>0:32<\/td>\n<\/tr>\n<tr>\n<td>5<\/td>\n<td>Jos\u00e9 Emilio Rodr\u00edguez <\/td>\n<td>A.R. Monex Pro CyclingTeam<\/td>\n<td>0:32<\/td>\n<\/tr>\n<tr>\n<td>6<\/td>\n<td>Marco Zoco <\/td>\n<td>Bustese Olonia ASD<\/td>\n<td>0:50<\/td>\n<\/tr>\n<tr>\n<td>7<\/td>\n<td>Mads Furenes <\/td>\n<td>Grenke &#8211; Auto Eder<\/td>\n<td>1:07<\/td>\n<\/tr>\n<tr>\n<td>8<\/td>\n<td>Alessandro Battistoni <\/td>\n<td>Pool Cant\u00f9 1999 &#8211; GB Junior Team<\/td>\n<td>1:07<\/td>\n<\/tr>\n<tr>\n<td>9<\/td>\n<td>Alberto Dona&#8217; <\/td>\n<td>Autozai &#8211; Contri<\/td>\n<td>1:07<\/td>\n<\/tr>\n<tr>\n<td>10<\/td>\n<td>Raffaele Armanasco <\/td>\n<td>Ciclistica Trevigliese<\/td>\n<td>1:07<\/td>\n<\/tr>\n<\/tbody>\n<\/table>\n<\/figure>\n<figure class=\"wp-block-table\">\n<table>\n<tbody>\n<tr>\n<td><strong>28<\/strong><\/td>\n<td><strong>Santiago Delgado <\/strong><\/td>\n<td><strong>Selecci\u00f3n Colombia<\/strong><\/td>\n<td><strong>1:55<\/strong><\/td>\n<\/tr>\n<tr>\n<td><strong>42<\/strong><\/td>\n<td><strong>Mat\u00edas Sanchez <\/strong><\/td>\n<td><strong>Selecci\u00f3n Colombia<\/strong><\/td>\n<td><strong>1:55<\/strong><\/td>\n<\/tr>\n<tr>\n<td><strong>51<\/strong><\/td>\n<td><strong>Andr\u00e9s Felipe Walteros<\/strong><\/td>\n<td><strong>Selecci\u00f3n Colombia<\/strong><\/td>\n<td><strong>1:55<\/strong><\/td>\n<\/tr>\n<tr>\n<td><strong>DNF<\/strong><\/td>\n<td><strong>Santiago Parra <\/strong><\/td>\n<td><strong>Selecci\u00f3n Colombia<\/strong><\/td>\n<td><strong>No finaliz\u00f3<\/strong><\/td>\n<\/tr>\n<tr>\n<td><strong>DNF<\/strong><\/td>\n<td><strong>Thomas Mej\u00eda <\/strong><\/td>\n<td><strong>Selecci\u00f3n Colombia<\/strong><\/td>\n<td><strong><strong>No finaliz\u00f3<\/strong><\/strong><\/td>\n<\/tr>\n<\/tbody>\n<\/table>\n<\/figure>\n<\/div>\n","protected":false},"excerpt":{"rendered":"<p>El corredor teut\u00f3n Karl Herzog (Grenke &#8211; Auto Eder) gan\u00f3 el Trofeo Comune di Vertova &#8211; Memorial Pietro Merelli, carrera UCI (1.1) de la categor\u00eda junior, tras recorrer 81,4 kil\u00f3metros&hellip; <\/p>\n","protected":false},"author":1,"featured_media":2533,"comment_status":"open","ping_status":"closed","sticky":false,"template":"Default","format":"standard","meta":{"om_disable_all_campaigns":false,"_monsterinsights_skip_tracking":false,"fifu_image_url":"https:\/\/www.revistamundociclistico.com\/wp-content\/uploads\/2026\/08\/Seleccion-Colombia-Junior-Benros-TrofeoComuneVeertova-2026-1-1024x768.jpeg","fifu_image_alt":"","footnotes":""},"categories":[9],"tags":[],"class_list":["post-2532","post","type-post","status-publish","format-standard","has-post-thumbnail","hentry","category-deportes"],"_links":{"self":[{"href":"https:\/\/radiomiaboyaca.com\/index.php\/wp-json\/wp\/v2\/posts\/2532","targetHints":{"allow":["GET"]}}],"collection":[{"href":"https:\/\/radiomiaboyaca.com\/index.php\/wp-json\/wp\/v2\/posts"}],"about":[{"href":"https:\/\/radiomiaboyaca.com\/index.php\/wp-json\/wp\/v2\/types\/post"}],"author":[{"embeddable":true,"href":"https:\/\/radiomiaboyaca.com\/index.php\/wp-json\/wp\/v2\/users\/1"}],"replies":[{"embeddable":true,"href":"https:\/\/radiomiaboyaca.com\/index.php\/wp-json\/wp\/v2\/comments?post=2532"}],"version-history":[{"count":1,"href":"https:\/\/radiomiaboyaca.com\/index.php\/wp-json\/wp\/v2\/posts\/2532\/revisions"}],"predecessor-version":[{"id":2534,"href":"https:\/\/radiomiaboyaca.com\/index.php\/wp-json\/wp\/v2\/posts\/2532\/revisions\/2534"}],"wp:featuredmedia":[{"embeddable":true,"href":"https:\/\/radiomiaboyaca.com\/index.php\/wp-json\/wp\/v2\/media\/2533"}],"wp:attachment":[{"href":"https:\/\/radiomiaboyaca.com\/index.php\/wp-json\/wp\/v2\/media?parent=2532"}],"wp:term":[{"taxonomy":"category","embeddable":true,"href":"https:\/\/radiomiaboyaca.com\/index.php\/wp-json\/wp\/v2\/categories?post=2532"},{"taxonomy":"post_tag","embeddable":true,"href":"https:\/\/radiomiaboyaca.com\/index.php\/wp-json\/wp\/v2\/tags?post=2532"}],"curies":[{"name":"wp","href":"https:\/\/api.w.org\/{rel}","templated":true}]}}