{"id":2529,"date":"2026-08-29T18:00:32","date_gmt":"2026-08-29T23:00:32","guid":{"rendered":"https:\/\/radiomiaboyaca.com\/?p=2529"},"modified":"2026-08-30T01:18:30","modified_gmt":"2026-08-30T06:18:30","slug":"tadej-pogacar-abandona-la-vuelta-tras-una-dura-caida-enric-mas-es-nuevo-lider-y-harold-tejada-sigue-en-el-top-10","status":"publish","type":"post","link":"https:\/\/radiomiaboyaca.com\/index.php\/2026\/08\/29\/tadej-pogacar-abandona-la-vuelta-tras-una-dura-caida-enric-mas-es-nuevo-lider-y-harold-tejada-sigue-en-el-top-10\/","title":{"rendered":"Tadej Pogacar abandona La Vuelta tras una dura ca\u00edda; Enric Mas es nuevo l\u00edder y Harold Tejada sigue en el top 10"},"content":{"rendered":"<div id=\"modal-ready\">\n<p>La&nbsp;<strong>octava etapa de La Vuelta a Espa\u00f1a 2026<\/strong>&nbsp;quedar\u00e1 marcada como una de las jornadas m\u00e1s impactantes de los \u00faltimos a\u00f1os.&nbsp;<strong>Tadej Pogacar<\/strong>, l\u00edder de la carrera y cinco veces campe\u00f3n del&nbsp;<strong>Tour de Francia<\/strong>, tuvo que abandonar tras una fuerte ca\u00edda a poco m\u00e1s de 30 kil\u00f3metros de meta, cuando la fracci\u00f3n entre&nbsp;<strong>Pu\u00e7ol y Xeraco<\/strong>, de&nbsp;<strong>171 kil\u00f3metros<\/strong>, parec\u00eda encaminada hacia una definici\u00f3n al sprint.<\/p>\n<p>El esloveno del&nbsp;<strong>UAE Team Emirates-XRG<\/strong>&nbsp;se fue al suelo en el pelot\u00f3n, con golpes visibles en el rostro y molestias en el hombro. Seg\u00fan las im\u00e1genes de carrera, Pogacar intent\u00f3 levantarse y volver a montar en bicicleta, pero el dolor le impidi\u00f3 continuar. Minutos despu\u00e9s, ingres\u00f3 a la ambulancia con el brazo en cabestrillo, poniendo fin de manera abrupta a una Vuelta que dominaba con autoridad desde la primera semana.<\/p>\n<p>La retirada de Pogacar cambi\u00f3 por completo el rumbo de la carrera. El esloveno hab\u00eda iniciado la jornada con&nbsp;<strong>3:50<\/strong>&nbsp;de ventaja sobre&nbsp;<strong>Enric Mas<\/strong>, segundo en la clasificaci\u00f3n general, y aparec\u00eda como el gran favorito para completar el c\u00edrculo de las tres Grandes Vueltas. Su abandono deja hu\u00e9rfana a una Vuelta que parec\u00eda correr bajo su mando, pero que ahora se abre de golpe para los dem\u00e1s aspirantes al podio.<\/p>\n<figure class=\"wp-block-embed is-type-rich is-provider-x wp-block-embed-x\">\n<div class=\"wp-block-embed__wrapper\">\n<blockquote class=\"twitter-tweet\" data-width=\"550\" data-dnt=\"true\">\n<p lang=\"es\" dir=\"ltr\">\u274cLo ha intentado Tadej Pogacar, pero el esloveno no puede continuar en la etapa 8 de la <a href=\"https:\/\/x.com\/hashtag\/VueltaRTVE29a?src=hash&amp;ref_src=twsrc%5Etfw\">#VueltaRTVE29a<\/a> y abandona la <a href=\"https:\/\/x.com\/hashtag\/Vuelta2026?src=hash&amp;ref_src=twsrc%5Etfw\">#Vuelta2026<\/a> cuando lideraba la carrera.<\/p>\n<p>\ud83d\udcf9As\u00ed ha sido la secuencia completa de la ca\u00edda<a href=\"https:\/\/t.co\/YHYJU2sG5u\">https:\/\/t.co\/YHYJU2sG5u<\/a><\/p>\n<p>\ud83d\udcfaSigue en DIRECTO el final de etapa en\u2026 <a href=\"https:\/\/t.co\/31diOz8sMo\">pic.twitter.com\/31diOz8sMo<\/a><\/p>\n<p>&mdash; Teledeporte (@teledeporte) <a href=\"https:\/\/x.com\/teledeporte\/status\/2093720756718825503?ref_src=twsrc%5Etfw\">August 29, 2026<\/a><\/p><\/blockquote>\n<p><script async src=\"https:\/\/platform.x.com\/widgets.js\" charset=\"utf-8\"><\/script>\n<\/div>\n<\/figure>\n<p>En medio del caos, la etapa tuvo ganador franc\u00e9s:&nbsp;<strong>Bryan Coquard<\/strong>&nbsp;(<strong>Cofidis<\/strong>) se impuso en Xeraco tras un final tambi\u00e9n accidentado, superando al dan\u00e9s&nbsp;<strong>Mads Pedersen<\/strong>&nbsp;y al belga&nbsp;<strong>Jordi Meeus<\/strong>, segundo y tercero respectivamente. El velocista galo gan\u00f3 con un tiempo de&nbsp;<strong>3:47:06<\/strong>, en una jornada con varias ca\u00eddas y tensi\u00f3n permanente en el pelot\u00f3n.<\/p>\n<p>El nuevo l\u00edder de La Vuelta es&nbsp;<strong>Enric Mas<\/strong>&nbsp;(<strong>Movistar Team<\/strong>), quien asumi\u00f3 el maillot rojo en una circunstancia tan inesperada como emotiva. El espa\u00f1ol, sin embargo, decidi\u00f3 no lucir la camiseta en el podio por respeto a Pogacar. \u201cEs una grand\u00edsima pena que haya ca\u00eddas, despu\u00e9s de ese estilo y, por \u00faltimo, que sea Tadej, justo el portador del maillot rojo\u201d, lament\u00f3 el balear, quien tambi\u00e9n le dese\u00f3 una pronta recuperaci\u00f3n al esloveno.<\/p>\n<figure class=\"wp-block-embed is-type-rich is-provider-x wp-block-embed-x\">\n<div class=\"wp-block-embed__wrapper\">\n<blockquote class=\"twitter-tweet\" data-width=\"550\" data-dnt=\"true\">\n<p lang=\"es\" dir=\"ltr\"><img decoding=\"async\" src=\"https:\/\/s.w.org\/images\/core\/emoji\/14.0.0\/72x72\/274c.png\" alt=\"\u274c\" class=\"wp-smiley\" style=\"height: 1em; max-height: 1em;\" \/>El esloveno Tadej Pogacar abandona la <a href=\"https:\/\/x.com\/hashtag\/Vuelta2026?src=hash&amp;ref_src=twsrc%5Etfw\">#Vuelta2026<\/a> tras su ca\u00edda a 32 kil\u00f3metros de la l\u00ednea de meta en la etapa 8 con final en Xeraco.<\/p>\n<p><img decoding=\"async\" src=\"https:\/\/s.w.org\/images\/core\/emoji\/14.0.0\/72x72\/1f4fa.png\" alt=\"\ud83d\udcfa\" class=\"wp-smiley\" style=\"height: 1em; max-height: 1em;\" \/>Sigue en DIRECTO los \u00faltimos kil\u00f3metros <a href=\"https:\/\/x.com\/hashtag\/VueltaRTVE29asrc=hash&amp;ref_src=twsrc%5Etfw\">#VueltaRTVE29a<\/a> en Teledeporte y <a href=\"https:\/\/x.com\/rtveplay?ref_src=twsrc%5Etfw\">@rtveplay<\/a> <\/p>\n<p><img decoding=\"async\" src=\"https:\/\/s.w.org\/images\/core\/emoji\/14.0.0\/72x72\/1f534.png\" alt=\"\ud83d\udd34\" class=\"wp-smiley\" style=\"height: 1em; max-height: 1em;\" \/><a href=\"https:\/\/t.co\/zr72vqETBh\">https:\/\/t.co\/zr72vqETBh<\/a> <a href=\"https:\/\/t.co\/KnHG69yx8H\">pic.twitter.com\/KnHG69yx8H<\/a><\/p>\n<p>&mdash; Teledeporte (@teledeporte) <a href=\"https:\/\/x.com\/teledeporte\/status\/2093718876940820742?ref_src=twsrc%5Etfw\">August 29, 2026<\/a><\/p><\/blockquote>\n<p><script async src=\"https:\/\/platform.x.com\/widgets.js\" charset=\"utf-8\"><\/script>\n<\/div>\n<\/figure>\n<p>Mas queda ahora al frente de la clasificaci\u00f3n general, con&nbsp;<strong>Felix Gall<\/strong>&nbsp;segundo a&nbsp;<strong>1:11<\/strong>&nbsp;y&nbsp;<strong>Primoz Roglic<\/strong>&nbsp;tercero a&nbsp;<strong>1:33<\/strong>. En la pelea colombiana,&nbsp;<strong>Harold Tejada<\/strong>&nbsp;volvi\u00f3 a salvar una jornada peligrosa y se mantiene como el mejor escarabajo en la general, ubicado en la&nbsp;<strong>octava posici\u00f3n<\/strong>, a&nbsp;<strong>3:56<\/strong>&nbsp;del nuevo l\u00edder. El huilense del&nbsp;<strong>XDS Astana Team<\/strong>&nbsp;termin\u00f3 la etapa en la casilla&nbsp;<strong>30<\/strong>, con el mismo tiempo del vencedor, y sigue instalado en una zona de privilegio antes de que la monta\u00f1a vuelva a marcar diferencias.<\/p>\n<p>La carrera continuar\u00e1 este domingo con la\u00a0<strong>novena etapa<\/strong>, entre\u00a0<strong>La Vila Joiosa\/Villajoyosa y el Alto de Aitana<\/strong>, una jornada de alta monta\u00f1a que llegar\u00e1 con La Vuelta completamente transformada. Sin Pogacar en carrera, Mas tendr\u00e1 que defender un liderato que naci\u00f3 en medio del dolor, mientras sus rivales buscar\u00e1n aprovechar una general que pas\u00f3 de estar bajo control absoluto a quedar abierta de par en par.<a href=\"https:\/\/www.procyclingstats.com\/rider\/bryan-coquard\"><\/a><\/p>\n<p class=\"has-medium-font-size\"><strong>La Vuelta Ciclista a Espa\u00f1a (2.UWT)<\/strong><br \/><strong>Resultados Etapa 8 | Pu\u00e7ol &#8211; Xeraco (171 km)<\/strong><\/p>\n<figure class=\"wp-block-table\">\n<table>\n<tbody>\n<tr>\n<td>1<\/td>\n<td><\/td>\n<td><\/td>\n<td>Bryan Coquard <\/td>\n<td>Cofidis<\/td>\n<td><\/td>\n<td>3:47:06<\/td>\n<\/tr>\n<tr>\n<td>2<\/td>\n<td><\/td>\n<td><\/td>\n<td>Mads Pedersen <\/td>\n<td>Lidl-Trek<\/td>\n<td><\/td>\n<td>m.t.<\/td>\n<\/tr>\n<tr>\n<td>3<\/td>\n<td><\/td>\n<td><\/td>\n<td>Jordi Meeus <\/td>\n<td>Red Bull-BORA-hansgrohe<\/td>\n<td><\/td>\n<td>m.t.<\/td>\n<\/tr>\n<tr>\n<td>4<\/td>\n<td><\/td>\n<td><\/td>\n<td>Ben Turner <\/td>\n<td>Netcompany INEOS Cycling Team<\/td>\n<td><\/td>\n<td>+ 00<\/td>\n<\/tr>\n<tr>\n<td>5<\/td>\n<td><\/td>\n<td><\/td>\n<td>Jordan Labrosse <\/td>\n<td>Decathlon CMA CGM Team<\/td>\n<td><\/td>\n<td>m.t.<\/td>\n<\/tr>\n<tr>\n<td>6<\/td>\n<td><\/td>\n<td><\/td>\n<td>Alessandro Romele <\/td>\n<td>XDS Astana Team<\/td>\n<td><\/td>\n<td>m.t.<\/td>\n<\/tr>\n<tr>\n<td>7<\/td>\n<td><\/td>\n<td><\/td>\n<td>Bastien Tronchon <\/td>\n<td>Groupama-FDJ United<\/td>\n<td><\/td>\n<td>m.t.<\/td>\n<\/tr>\n<tr>\n<td>8<\/td>\n<td><\/td>\n<td><\/td>\n<td>Hugo Hofstetter <\/td>\n<td>NSN Cycling Team<\/td>\n<td><\/td>\n<td>m.t.<\/td>\n<\/tr>\n<tr>\n<td>9<\/td>\n<td><\/td>\n<td><\/td>\n<td>Orluis Aular <\/td>\n<td>Movistar Team<\/td>\n<td><\/td>\n<td>m.t.<\/td>\n<\/tr>\n<tr>\n<td>10<\/td>\n<td><\/td>\n<td><\/td>\n<td>Matthew Brennan <\/td>\n<td>Team Visma | Lease a Bike<\/td>\n<td><\/td>\n<td>m.t.<\/td>\n<\/tr>\n<\/tbody>\n<\/table>\n<\/figure>\n<figure class=\"wp-block-table\">\n<table>\n<tbody>\n<tr>\n<td><strong>30<\/strong><\/td>\n<td><strong>Harold Tejada <\/strong><\/td>\n<td><strong>XDS Astana Team<\/strong><\/td>\n<td><\/td>\n<td><\/td>\n<td><\/td>\n<td>m.t.<\/td>\n<\/tr>\n<tr>\n<td><strong>78<\/strong><\/td>\n<td><strong>Juan Felipe Rodr\u00edguez <\/strong><\/td>\n<td><strong>EF Education &#8211; EasyPost<\/strong><\/td>\n<td><\/td>\n<td><\/td>\n<td><\/td>\n<td>m.t.<\/td>\n<\/tr>\n<tr>\n<td><strong>111<\/strong><\/td>\n<td><strong>Santiago Buitrago <\/strong><\/td>\n<td><strong>Bahrain &#8211; Victorious<\/strong><\/td>\n<td><\/td>\n<td><\/td>\n<td><\/td>\n<td>m.t.<\/td>\n<\/tr>\n<tr>\n<td><strong>141<\/strong><\/td>\n<td><strong>Juan Guillermo Mart\u00ednez <\/strong><\/td>\n<td><strong>Team Picnic PostNL<\/strong><\/td>\n<td><\/td>\n<td><\/td>\n<td><\/td>\n<td>m.t.<\/td>\n<\/tr>\n<tr>\n<td><strong>158<\/strong><\/td>\n<td><strong>Iv\u00e1n Ramiro Sosa <\/strong><\/td>\n<td><strong>Equipo Kern Pharma<\/strong><\/td>\n<td><\/td>\n<td><\/td>\n<td><\/td>\n<td>m.t.<\/td>\n<\/tr>\n<\/tbody>\n<\/table>\n<\/figure>\n<figure class=\"wp-block-image size-large\"><img loading=\"lazy\" decoding=\"async\" width=\"1024\" height=\"684\" src=\"https:\/\/www.revistamundociclistico.com\/wp-content\/uploads\/2026\/08\/Enric-Mas-Podio-8ET-Vuelta-Espana-2026-1024x684.jpg\" alt=\"\" class=\"wp-image-214453\" srcset=\"https:\/\/www.revistamundociclistico.com\/wp-content\/uploads\/2026\/08\/Enric-Mas-Podio-8ET-Vuelta-Espana-2026-1024x684.jpg 1024w, https:\/\/www.revistamundociclistico.com\/wp-content\/uploads\/2026\/08\/Enric-Mas-Podio-8ET-Vuelta-Espana-2026-300x200.jpg 300w, https:\/\/www.revistamundociclistico.com\/wp-content\/uploads\/2026\/08\/Enric-Mas-Podio-8ET-Vuelta-Espana-2026-768x513.jpg 768w, https:\/\/www.revistamundociclistico.com\/wp-content\/uploads\/2026\/08\/Enric-Mas-Podio-8ET-Vuelta-Espana-2026-500x334.jpg 500w, https:\/\/www.revistamundociclistico.com\/wp-content\/uploads\/2026\/08\/Enric-Mas-Podio-8ET-Vuelta-Espana-2026-700x467.jpg 700w, https:\/\/www.revistamundociclistico.com\/wp-content\/uploads\/2026\/08\/Enric-Mas-Podio-8ET-Vuelta-Espana-2026.jpg 1200w\" sizes=\"auto, (max-width: 1024px) 100vw, 1024px\" \/><figcaption class=\"wp-element-caption\"><em>Enric Mas, nuevo l\u00edder de la Vuelta a Espa\u00f1a 2026. (Foto \u00a9 Movistar Team)<\/em><\/figcaption><\/figure>\n<p class=\"has-medium-font-size\"><strong>Clasificaci\u00f3n General Individual<\/strong><\/p>\n<figure class=\"wp-block-table\">\n<table>\n<tbody>\n<tr>\n<td>1<\/td>\n<td><\/td>\n<td><\/td>\n<td>Enric Mas <\/td>\n<td>Movistar Team<\/td>\n<td><\/td>\n<td><\/td>\n<td>23:23:33<\/td>\n<\/tr>\n<tr>\n<td>2<\/td>\n<td><\/td>\n<td><\/td>\n<td>Primo\u017e Rogli\u010d <\/td>\n<td>Red Bull &#8211; BORA &#8211; hansgrohe<\/td>\n<td><\/td>\n<td><\/td>\n<td>1:00<\/td>\n<\/tr>\n<tr>\n<td>3<\/td>\n<td><\/td>\n<td><\/td>\n<td>Felix Gall <\/td>\n<td>Decathlon CMA CGM Team<\/td>\n<td><\/td>\n<td><\/td>\n<td>1:11<\/td>\n<\/tr>\n<tr>\n<td>4<\/td>\n<td><\/td>\n<td><\/td>\n<td>Sepp Kuss <\/td>\n<td>Team Visma | Lease a Bike<\/td>\n<td><\/td>\n<td><\/td>\n<td>2:15<\/td>\n<\/tr>\n<tr>\n<td>5<\/td>\n<td><\/td>\n<td><\/td>\n<td>Oscar Onley <\/td>\n<td>Netcompany INEOS<\/td>\n<td><\/td>\n<td><\/td>\n<td>2:16<\/td>\n<\/tr>\n<tr>\n<td>6<\/td>\n<td><\/td>\n<td><\/td>\n<td>Mattias Skjelmose <\/td>\n<td>EF Education &#8211; EasyPost<\/td>\n<td><\/td>\n<td><\/td>\n<td>2:22<\/td>\n<\/tr>\n<tr>\n<td>7<\/td>\n<td><\/td>\n<td><\/td>\n<td>Richard Carapaz<\/td>\n<td>Lidl &#8211; Trek<\/td>\n<td><\/td>\n<td><\/td>\n<td>3:25<\/td>\n<\/tr>\n<tr>\n<td><strong>8<\/strong><\/td>\n<td><\/td>\n<td><\/td>\n<td><strong>Harold Tejada <\/strong><\/td>\n<td><strong>XDS Astana Team<\/strong><\/td>\n<td><\/td>\n<td><\/td>\n<td><strong>3:56<\/strong><\/td>\n<\/tr>\n<tr>\n<td>9<\/td>\n<td><\/td>\n<td><\/td>\n<td>Gregor M\u00fchlberger <\/td>\n<td>Decathlon CMA CGM Team<\/td>\n<td><\/td>\n<td><\/td>\n<td>5:39<\/td>\n<\/tr>\n<tr>\n<td>10<\/td>\n<td><\/td>\n<td><\/td>\n<td>Jakob Omrzel <\/td>\n<td>Bahrain &#8211; Victorious<\/td>\n<td><\/td>\n<td><\/td>\n<td>6:04<\/td>\n<\/tr>\n<\/tbody>\n<\/table>\n<\/figure>\n<figure class=\"wp-block-table\">\n<table>\n<tbody>\n<tr>\n<td><strong>18<\/strong><\/td>\n<td><\/td>\n<td><\/td>\n<td><strong>Juan Felipe Rodr\u00edguez <\/strong><\/td>\n<td><strong>EF Education &#8211; EasyPost<\/strong><\/td>\n<td><\/td>\n<td><\/td>\n<td><strong>13:22<\/strong><\/td>\n<\/tr>\n<tr>\n<td><strong>54<\/strong><\/td>\n<td><\/td>\n<td><\/td>\n<td><strong>Santiago Buitrago <\/strong><\/td>\n<td><strong>Bahrain &#8211; Victorious<\/strong><\/td>\n<td><\/td>\n<td><\/td>\n<td><strong>39:21<\/strong><\/td>\n<\/tr>\n<tr>\n<td><strong>99<\/strong><\/td>\n<td><\/td>\n<td><\/td>\n<td><strong>Iv\u00e1n Ramiro Sosa <\/strong><\/td>\n<td><strong>Equipo Kern Pharma<\/strong><\/td>\n<td><\/td>\n<td><\/td>\n<td><strong>59:04<\/strong><\/td>\n<\/tr>\n<tr>\n<td><strong>143<\/strong><\/td>\n<td><\/td>\n<td><\/td>\n<td><strong>Juan Guillermo Martinez <\/strong><\/td>\n<td><strong>Team Picnic PostNL<\/strong><\/td>\n<td><\/td>\n<td><\/td>\n<td><strong>1:17:01<\/strong><\/td>\n<\/tr>\n<\/tbody>\n<\/table>\n<\/figure>\n<\/div>\n","protected":false},"excerpt":{"rendered":"<p>La&nbsp;octava etapa de La Vuelta a Espa\u00f1a 2026&nbsp;quedar\u00e1 marcada como una de las jornadas m\u00e1s impactantes de los \u00faltimos a\u00f1os.&nbsp;Tadej Pogacar, l\u00edder de la carrera y cinco veces campe\u00f3n del&nbsp;Tour&hellip; <\/p>\n","protected":false},"author":1,"featured_media":2530,"comment_status":"open","ping_status":"closed","sticky":false,"template":"Default","format":"standard","meta":{"om_disable_all_campaigns":false,"_monsterinsights_skip_tracking":false,"fifu_image_url":"https:\/\/s.w.org\/images\/core\/emoji\/14.0.0\/72x72\/274c.png","fifu_image_alt":"","footnotes":""},"categories":[3,9],"tags":[],"class_list":["post-2529","post","type-post","status-publish","format-standard","has-post-thumbnail","hentry","category-colombia","category-deportes"],"_links":{"self":[{"href":"https:\/\/radiomiaboyaca.com\/index.php\/wp-json\/wp\/v2\/posts\/2529","targetHints":{"allow":["GET"]}}],"collection":[{"href":"https:\/\/radiomiaboyaca.com\/index.php\/wp-json\/wp\/v2\/posts"}],"about":[{"href":"https:\/\/radiomiaboyaca.com\/index.php\/wp-json\/wp\/v2\/types\/post"}],"author":[{"embeddable":true,"href":"https:\/\/radiomiaboyaca.com\/index.php\/wp-json\/wp\/v2\/users\/1"}],"replies":[{"embeddable":true,"href":"https:\/\/radiomiaboyaca.com\/index.php\/wp-json\/wp\/v2\/comments?post=2529"}],"version-history":[{"count":1,"href":"https:\/\/radiomiaboyaca.com\/index.php\/wp-json\/wp\/v2\/posts\/2529\/revisions"}],"predecessor-version":[{"id":2531,"href":"https:\/\/radiomiaboyaca.com\/index.php\/wp-json\/wp\/v2\/posts\/2529\/revisions\/2531"}],"wp:featuredmedia":[{"embeddable":true,"href":"https:\/\/radiomiaboyaca.com\/index.php\/wp-json\/wp\/v2\/media\/2530"}],"wp:attachment":[{"href":"https:\/\/radiomiaboyaca.com\/index.php\/wp-json\/wp\/v2\/media?parent=2529"}],"wp:term":[{"taxonomy":"category","embeddable":true,"href":"https:\/\/radiomiaboyaca.com\/index.php\/wp-json\/wp\/v2\/categories?post=2529"},{"taxonomy":"post_tag","embeddable":true,"href":"https:\/\/radiomiaboyaca.com\/index.php\/wp-json\/wp\/v2\/tags?post=2529"}],"curies":[{"name":"wp","href":"https:\/\/api.w.org\/{rel}","templated":true}]}}