{"id":2526,"date":"2026-08-29T19:00:00","date_gmt":"2026-08-30T00:00:00","guid":{"rendered":"https:\/\/radiomiaboyaca.com\/?p=2526"},"modified":"2026-08-30T01:18:30","modified_gmt":"2026-08-30T06:18:30","slug":"mundial-de-mtb-2026-valentina-roa-y-juan-fernando-munoz-los-mejores-exponentes-americanos-en-el-downhill-de-los-elites","status":"publish","type":"post","link":"https:\/\/radiomiaboyaca.com\/index.php\/2026\/08\/29\/mundial-de-mtb-2026-valentina-roa-y-juan-fernando-munoz-los-mejores-exponentes-americanos-en-el-downhill-de-los-elites\/","title":{"rendered":"Mundial de MTB 2026: Valentina Roa y Juan Fernando Mu\u00f1oz, los mejores exponentes americanos en el downhill de los \u00e9lites"},"content":{"rendered":"<div id=\"modal-ready\">\n<p>Los ciclistas colombianos <strong>Valentina Roa <\/strong>y <strong>Juan Fernando Mu\u00f1oz<\/strong>, culminaron como los deportistas m\u00e1s destacados del continente americano en la final \u00e9lite del downhill que se cumpli\u00f3 este s\u00e1bado en el <strong>Campeonato Mundial de Mountain Bike<\/strong>, que se lleva a cabo en Val di Sole, Italia.<\/p>\n<p>En la rama femenina \u00e9lite, la austriaca <strong>Valentina H\u00f6ll <\/strong>reconfirm\u00f3 su hegemon\u00eda mundial al quedarse con el t\u00edtulo y la medalla de oro tras registrar un tiempo ganador de 4:01.558. La medalla de plata fue para la suiza <strong>Lisa Baumann<\/strong>, quien cruz\u00f3 la meta a 1.728 segundos de la ganadora con un guarismo de 4:03.286, mientras que la brit\u00e1nica <strong>Harriet Harnden<\/strong> complet\u00f3 el podio al adjudicarse la medalla de bronce con un tiempo de 4:03.604 (+2.046).<\/p>\n<\/p>\n<figure class=\"wp-block-image size-large\"><img loading=\"lazy\" decoding=\"async\" width=\"1024\" height=\"683\" src=\"https:\/\/www.revistamundociclistico.com\/wp-content\/uploads\/2026\/08\/Vali-Holl-Jackson-Goldstone-Campeones-Downhill-Mundial-MTB-2026-1024x683.jpg\" alt=\"\" class=\"wp-image-214476\" srcset=\"https:\/\/www.revistamundociclistico.com\/wp-content\/uploads\/2026\/08\/Vali-Holl-Jackson-Goldstone-Campeones-Downhill-Mundial-MTB-2026-1024x683.jpg 1024w, https:\/\/www.revistamundociclistico.com\/wp-content\/uploads\/2026\/08\/Vali-Holl-Jackson-Goldstone-Campeones-Downhill-Mundial-MTB-2026-300x200.jpg 300w, https:\/\/www.revistamundociclistico.com\/wp-content\/uploads\/2026\/08\/Vali-Holl-Jackson-Goldstone-Campeones-Downhill-Mundial-MTB-2026-768x512.jpg 768w, https:\/\/www.revistamundociclistico.com\/wp-content\/uploads\/2026\/08\/Vali-Holl-Jackson-Goldstone-Campeones-Downhill-Mundial-MTB-2026-500x333.jpg 500w, https:\/\/www.revistamundociclistico.com\/wp-content\/uploads\/2026\/08\/Vali-Holl-Jackson-Goldstone-Campeones-Downhill-Mundial-MTB-2026-700x467.jpg 700w, https:\/\/www.revistamundociclistico.com\/wp-content\/uploads\/2026\/08\/Vali-Holl-Jackson-Goldstone-Campeones-Downhill-Mundial-MTB-2026.jpg 1200w\" sizes=\"auto, (max-width: 1024px) 100vw, 1024px\" \/><figcaption class=\"wp-element-caption\"><em>Vali H\u00f6ll y Jackson Goldstone, los nuevos campeones del mundo en el downhill. (Foto \u00a9 Michele Mondini)<\/em><\/figcaption><\/figure>\n<p>Por su parte, la representaci\u00f3n colombiana corri\u00f3 a cargo de <strong>Valentina Roa,<\/strong> quien firm\u00f3 una presentaci\u00f3n s\u00f3lida en el trazado italiano al ubicarse en la casilla 11 del mundo entre 38 participantes de 17 naciones, deteniendo el cron\u00f3metro en 4:11.940, a 10.382 segundos de H\u00f6ll.<\/p>\n<p>En la competencia masculina \u00e9lite, el canadiense <strong>Jackson Goldstone<\/strong> conquist\u00f3 el maillot arco\u00edris al imponerse en una definici\u00f3n al l\u00edmite con un registro final de 3:28.785. El neozeland\u00e9s <strong>Lachlan Stevens-McNab<\/strong> obtuvo la medalla de plata al finalizar a escasas 695 mil\u00e9simas del vencedor (3:29.480), en tanto que el brit\u00e1nico <strong>Jordan Williams<\/strong> se reserv\u00f3 la medalla de bronce tras marcar 3:29.487, a tan solo 702 mil\u00e9simas de la medalla de oro.<\/p>\n<\/p>\n<figure class=\"wp-block-image size-large\"><img loading=\"lazy\" decoding=\"async\" width=\"1024\" height=\"683\" src=\"https:\/\/www.revistamundociclistico.com\/wp-content\/uploads\/2026\/08\/Juan-Fernando-Munoz-Downhill-Mundial-MTB-2026-1024x683.jpg\" alt=\"\" class=\"wp-image-214477\" srcset=\"https:\/\/www.revistamundociclistico.com\/wp-content\/uploads\/2026\/08\/Juan-Fernando-Munoz-Downhill-Mundial-MTB-2026-1024x683.jpg 1024w, https:\/\/www.revistamundociclistico.com\/wp-content\/uploads\/2026\/08\/Juan-Fernando-Munoz-Downhill-Mundial-MTB-2026-300x200.jpg 300w, https:\/\/www.revistamundociclistico.com\/wp-content\/uploads\/2026\/08\/Juan-Fernando-Munoz-Downhill-Mundial-MTB-2026-768x512.jpg 768w, https:\/\/www.revistamundociclistico.com\/wp-content\/uploads\/2026\/08\/Juan-Fernando-Munoz-Downhill-Mundial-MTB-2026-500x333.jpg 500w, https:\/\/www.revistamundociclistico.com\/wp-content\/uploads\/2026\/08\/Juan-Fernando-Munoz-Downhill-Mundial-MTB-2026-700x467.jpg 700w, https:\/\/www.revistamundociclistico.com\/wp-content\/uploads\/2026\/08\/Juan-Fernando-Munoz-Downhill-Mundial-MTB-2026.jpg 1200w\" sizes=\"auto, (max-width: 1024px) 100vw, 1024px\" \/><figcaption class=\"wp-element-caption\"><em>Juan Fernando Mu\u00f1oz termin\u00f3 en el puesto 12\u00b0.  (Foto \u00a9 FCC)<\/em><\/figcaption><\/figure>\n<p>La actuaci\u00f3n colombiana en esta rama dej\u00f3 excelentes noticias de la mano de <strong>Juan Fernando Mu\u00f1oz<\/strong>, quien protagoniz\u00f3 una bajada memorable al conseguir una hist\u00f3rica posici\u00f3n 12 del mundo con un registro de 3:34.613, a apenas 5.828 segundos de Goldstone, destac\u00e1ndose de manera especial en el primer sector intermedio al registrar el tiempo m\u00e1s r\u00e1pido de la jornada (26.917).<\/p>\n<p>Finalmente, el tambi\u00e9n colombiano <strong>Sebasti\u00e1n Holgu\u00edn<\/strong> cerr\u00f3 la participaci\u00f3n nacional en la casilla 44 entre 80 corredores de 31 pa\u00edses, marcando un tiempo total de 3:44.136 (+15.351).<\/p>\n<p class=\"has-large-font-size\"><strong>Resultados Damas<\/strong><\/p>\n<div data-wp-interactive=\"\" class=\"wp-block-file\"><object data-wp-bind--hidden=\"!selectors.core.file.hasPdfPreview\" hidden class=\"wp-block-file__embed\" data=\"https:\/\/www.revistamundociclistico.com\/wp-content\/uploads\/2026\/08\/Final-DHI-Damas-Mundial-MTB-2026.pdf\" type=\"application\/pdf\" style=\"width:100%;height:600px\" aria-label=\"Incrustado de Final-DHI-Damas-Mundial-MTB-2026.\"><\/object><a id=\"wp-block-file--media-598c30bd-f2ba-44cb-bd06-91813648bab1\" href=\"https:\/\/www.revistamundociclistico.com\/wp-content\/uploads\/2026\/08\/Final-DHI-Damas-Mundial-MTB-2026.pdf\">Final-DHI-Damas-Mundial-MTB-2026<\/a><a href=\"https:\/\/www.revistamundociclistico.com\/wp-content\/uploads\/2026\/08\/Final-DHI-Damas-Mundial-MTB-2026.pdf\" class=\"wp-block-file__button wp-element-button\" download aria-describedby=\"wp-block-file--media-598c30bd-f2ba-44cb-bd06-91813648bab1\">Descarga<\/a><\/div>\n<\/p>\n<p class=\"has-large-font-size\"><strong>Resultados Varones<\/strong><\/p>\n<div data-wp-interactive=\"\" class=\"wp-block-file\"><object data-wp-bind--hidden=\"!selectors.core.file.hasPdfPreview\" hidden class=\"wp-block-file__embed\" data=\"https:\/\/www.revistamundociclistico.com\/wp-content\/uploads\/2026\/08\/Final-DHI-Varones-MUndial-MTB-2026.pdf\" type=\"application\/pdf\" style=\"width:100%;height:600px\" aria-label=\"Incrustado de Final-DHI-Varones-MUndial-MTB-2026.\"><\/object><a id=\"wp-block-file--media-a719d0b1-31ed-40e1-83ba-58dd18c035fc\" href=\"https:\/\/www.revistamundociclistico.com\/wp-content\/uploads\/2026\/08\/Final-DHI-Varones-MUndial-MTB-2026.pdf\">Final-DHI-Varones-MUndial-MTB-2026<\/a><a href=\"https:\/\/www.revistamundociclistico.com\/wp-content\/uploads\/2026\/08\/Final-DHI-Varones-MUndial-MTB-2026.pdf\" class=\"wp-block-file__button wp-element-button\" download aria-describedby=\"wp-block-file--media-a719d0b1-31ed-40e1-83ba-58dd18c035fc\">Descarga<\/a><\/div>\n<\/p>\n<p class=\"has-medium-font-size\"><strong><em>*Con Informaci\u00f3n de Fedeciclismo<\/em><\/strong><\/p>\n<\/div>\n","protected":false},"excerpt":{"rendered":"<p>Los ciclistas colombianos Valentina Roa y Juan Fernando Mu\u00f1oz, culminaron como los deportistas m\u00e1s destacados del continente americano en la final \u00e9lite del downhill que se cumpli\u00f3 este s\u00e1bado en&hellip; <\/p>\n","protected":false},"author":1,"featured_media":2527,"comment_status":"open","ping_status":"closed","sticky":false,"template":"Default","format":"standard","meta":{"om_disable_all_campaigns":false,"_monsterinsights_skip_tracking":false,"fifu_image_url":"https:\/\/www.revistamundociclistico.com\/wp-content\/uploads\/2026\/08\/Vali-Holl-Jackson-Goldstone-Campeones-Downhill-Mundial-MTB-2026-1024x683.jpg","fifu_image_alt":"","footnotes":""},"categories":[9],"tags":[],"class_list":["post-2526","post","type-post","status-publish","format-standard","has-post-thumbnail","hentry","category-deportes"],"_links":{"self":[{"href":"https:\/\/radiomiaboyaca.com\/index.php\/wp-json\/wp\/v2\/posts\/2526","targetHints":{"allow":["GET"]}}],"collection":[{"href":"https:\/\/radiomiaboyaca.com\/index.php\/wp-json\/wp\/v2\/posts"}],"about":[{"href":"https:\/\/radiomiaboyaca.com\/index.php\/wp-json\/wp\/v2\/types\/post"}],"author":[{"embeddable":true,"href":"https:\/\/radiomiaboyaca.com\/index.php\/wp-json\/wp\/v2\/users\/1"}],"replies":[{"embeddable":true,"href":"https:\/\/radiomiaboyaca.com\/index.php\/wp-json\/wp\/v2\/comments?post=2526"}],"version-history":[{"count":1,"href":"https:\/\/radiomiaboyaca.com\/index.php\/wp-json\/wp\/v2\/posts\/2526\/revisions"}],"predecessor-version":[{"id":2528,"href":"https:\/\/radiomiaboyaca.com\/index.php\/wp-json\/wp\/v2\/posts\/2526\/revisions\/2528"}],"wp:featuredmedia":[{"embeddable":true,"href":"https:\/\/radiomiaboyaca.com\/index.php\/wp-json\/wp\/v2\/media\/2527"}],"wp:attachment":[{"href":"https:\/\/radiomiaboyaca.com\/index.php\/wp-json\/wp\/v2\/media?parent=2526"}],"wp:term":[{"taxonomy":"category","embeddable":true,"href":"https:\/\/radiomiaboyaca.com\/index.php\/wp-json\/wp\/v2\/categories?post=2526"},{"taxonomy":"post_tag","embeddable":true,"href":"https:\/\/radiomiaboyaca.com\/index.php\/wp-json\/wp\/v2\/tags?post=2526"}],"curies":[{"name":"wp","href":"https:\/\/api.w.org\/{rel}","templated":true}]}}