{"id":2523,"date":"2026-08-29T20:00:00","date_gmt":"2026-08-30T01:00:00","guid":{"rendered":"https:\/\/radiomiaboyaca.com\/?p=2523"},"modified":"2026-08-30T01:18:30","modified_gmt":"2026-08-30T06:18:30","slug":"espectacular-wilmar-paredes-sigue-en-racha-y-le-gana-el-duelo-a-santiago-garzon-en-el-inicio-de-la-clasica-azuero","status":"publish","type":"post","link":"https:\/\/radiomiaboyaca.com\/index.php\/2026\/08\/29\/espectacular-wilmar-paredes-sigue-en-racha-y-le-gana-el-duelo-a-santiago-garzon-en-el-inicio-de-la-clasica-azuero\/","title":{"rendered":"!Espectacular! Wilmar Paredes sigue en racha y le gana el duelo a Santiago Garz\u00f3n en el inicio de la Cl\u00e1sica Azuero"},"content":{"rendered":"<div id=\"modal-ready\">\n<p>Sigue el dominio de los equipos colombianos en las carreras UCI que se disputan en Panam\u00e1 por estos d\u00edas. Ratificando su gran estado de forma, el antioque\u00f1o <strong>Wilmar Paredes<\/strong> sali\u00f3 victorioso en la primera etapa de la <strong>Cl\u00e1sica Azuero<\/strong>, disputada sobre 105,1 kil\u00f3metros, con salida en Chitr\u00e9 y final en Chumical.<\/p>\n<p>\u201c<strong>Feliz de darle una victoria m\u00e1s al Team Medell\u00edn-EPM<\/strong>. Una etapa con bastante calor, estoy muy agradecido con mis compa\u00f1eros de equipo, que hicieron un gran trabajo, especialmente a <strong>\u00c1lvaro Hodeg<\/strong> que lo dio todo en el llano y a <strong>Robingz\u00f3n Oyola <\/strong>que me dio una mano en la parte final\u201d, dijo Paredes al finalzar la jornada inaugural.<\/p>\n<\/p>\n<figure class=\"wp-block-image size-large\"><img fetchpriority=\"high\" decoding=\"async\" width=\"1024\" height=\"683\" src=\"https:\/\/www.revistamundociclistico.com\/wp-content\/uploads\/2026\/08\/Wilmar-Paredes-1ET-Clasica-Azuero-2026-1024x683.jpg\" alt=\"\" class=\"wp-image-214481\" srcset=\"https:\/\/www.revistamundociclistico.com\/wp-content\/uploads\/2026\/08\/Wilmar-Paredes-1ET-Clasica-Azuero-2026-1024x683.jpg 1024w, https:\/\/www.revistamundociclistico.com\/wp-content\/uploads\/2026\/08\/Wilmar-Paredes-1ET-Clasica-Azuero-2026-300x200.jpg 300w, https:\/\/www.revistamundociclistico.com\/wp-content\/uploads\/2026\/08\/Wilmar-Paredes-1ET-Clasica-Azuero-2026-768x512.jpg 768w, https:\/\/www.revistamundociclistico.com\/wp-content\/uploads\/2026\/08\/Wilmar-Paredes-1ET-Clasica-Azuero-2026-500x333.jpg 500w, https:\/\/www.revistamundociclistico.com\/wp-content\/uploads\/2026\/08\/Wilmar-Paredes-1ET-Clasica-Azuero-2026-700x467.jpg 700w, https:\/\/www.revistamundociclistico.com\/wp-content\/uploads\/2026\/08\/Wilmar-Paredes-1ET-Clasica-Azuero-2026.jpg 1200w\" sizes=\"(max-width: 1024px) 100vw, 1024px\" \/><figcaption class=\"wp-element-caption\"><em>Wilmar Paredes, primer l\u00edder de la Cl\u00e1sica Azuero 2026. (Foto \u00a9 Team Medell\u00edn-EPM)<\/em><\/figcaption><\/figure>\n<p>El pedalista paisa, que alcanz\u00f3 su <strong>d\u00e9cima victoria de la temporada<\/strong>, fue el m\u00e1s fuerte en la definici\u00f3n y entr\u00f3 primero a la meta unos segundos por delante de su compatriota <strong>Santiago Garz\u00f3n (GW Erco Sportfitness)<\/strong>. Para cerrar la gran actuaci\u00f3n de los escarabajos, <strong>\u00d3scar Fern\u00e1ndez (NU Colombia) <\/strong>se report\u00f3 en el tercer puesto.<\/p>\n<p>La carrera canalera del <strong>calendario UCI Am\u00e9rica Tour<\/strong> finalizar\u00e1 este domingo cuando se dispute su segunda y \u00faltima etapa, una <strong>jornada llana de 138,4 kil\u00f3metros<\/strong>, que se disputar\u00e1 en la localidad del Chicarr\u00f3n, en el distrito de La Chorrera al oeste de Panam\u00e1.<\/p>\n<figure class=\"wp-block-image size-large\"><img loading=\"lazy\" decoding=\"async\" width=\"1024\" height=\"684\" src=\"https:\/\/www.revistamundociclistico.com\/wp-content\/uploads\/2026\/08\/Wilmar-Paredes-Ganador-1ET-Clasica-Azuero-2026-1024x684.jpg\" alt=\"\" class=\"wp-image-214459\" srcset=\"https:\/\/www.revistamundociclistico.com\/wp-content\/uploads\/2026\/08\/Wilmar-Paredes-Ganador-1ET-Clasica-Azuero-2026-1024x684.jpg 1024w, https:\/\/www.revistamundociclistico.com\/wp-content\/uploads\/2026\/08\/Wilmar-Paredes-Ganador-1ET-Clasica-Azuero-2026-300x200.jpg 300w, https:\/\/www.revistamundociclistico.com\/wp-content\/uploads\/2026\/08\/Wilmar-Paredes-Ganador-1ET-Clasica-Azuero-2026-768x513.jpg 768w, https:\/\/www.revistamundociclistico.com\/wp-content\/uploads\/2026\/08\/Wilmar-Paredes-Ganador-1ET-Clasica-Azuero-2026-500x334.jpg 500w, https:\/\/www.revistamundociclistico.com\/wp-content\/uploads\/2026\/08\/Wilmar-Paredes-Ganador-1ET-Clasica-Azuero-2026-700x467.jpg 700w, https:\/\/www.revistamundociclistico.com\/wp-content\/uploads\/2026\/08\/Wilmar-Paredes-Ganador-1ET-Clasica-Azuero-2026.jpg 1200w\" sizes=\"auto, (max-width: 1024px) 100vw, 1024px\" \/><figcaption class=\"wp-element-caption\"><em>El antioque\u00f1o Wilmar Paredes, ganador de la primera etapa de la Cl\u00e1sica Azuero 2026. (Foto \u00a9 Federaci\u00f3n Paname\u00f1a de Ciclismo)<\/em><\/figcaption><\/figure>\n<p class=\"has-medium-font-size\"><a href=\"https:\/\/www.procyclingstats.com\/rider\/wilmar-paredes\"><\/a><strong>Cl\u00e1sica Azuero (2.2)<\/strong><br \/><strong>Resultados Etapa 1 | Chitr\u00e9 &#8211; Chumical (105,1 km)<\/strong><\/p>\n<figure class=\"wp-block-table\">\n<table>\n<tbody>\n<tr>\n<td><strong>1<\/strong><\/td>\n<td><strong>Wilmar Paredes <\/strong><\/td>\n<td><strong>Team Medell\u00edn &#8211; EPM<\/strong><\/td>\n<td><\/td>\n<td><\/td>\n<td><\/td>\n<td><strong>2:29:43<\/strong><\/td>\n<\/tr>\n<tr>\n<td><strong>2<\/strong><\/td>\n<td><strong>Santiago Garz\u00f3n <\/strong><\/td>\n<td><strong>GW Erco SportFitness<\/strong><\/td>\n<td><\/td>\n<td><\/td>\n<td><\/td>\n<td><strong>0:02<\/strong><\/td>\n<\/tr>\n<tr>\n<td><strong>3<\/strong><\/td>\n<td><strong>\u00d3scar Fern\u00e1ndez <\/strong><\/td>\n<td><strong>Nu Colombia<\/strong><\/td>\n<td><\/td>\n<td><\/td>\n<td><\/td>\n<td><strong>0:16<\/strong><\/td>\n<\/tr>\n<tr>\n<td><strong>4<\/strong><\/td>\n<td><strong>Juan Carlos L\u00f3pez <\/strong><\/td>\n<td><strong>GW Erco SportFitness<\/strong><\/td>\n<td><\/td>\n<td><\/td>\n<td><\/td>\n<td><strong>0:16<\/strong><\/td>\n<\/tr>\n<tr>\n<td>5<\/td>\n<td>Ben Granger <\/td>\n<td>Solution Tech NIPPO Rali<\/td>\n<td><\/td>\n<td><\/td>\n<td><\/td>\n<td>0:19<\/td>\n<\/tr>\n<tr>\n<td><strong>6<\/strong><\/td>\n<td><strong>Juan Diego Alba <\/strong><\/td>\n<td><strong>Nu Colombia<\/strong><\/td>\n<td><\/td>\n<td><\/td>\n<td><\/td>\n<td><strong>0:23<\/strong><\/td>\n<\/tr>\n<tr>\n<td><strong>7<\/strong><\/td>\n<td><strong>Brandon Vega<\/strong><\/td>\n<td><strong>GW Erco SportFitness<\/strong><\/td>\n<td><\/td>\n<td><\/td>\n<td><\/td>\n<td><strong>0:37<\/strong><\/td>\n<\/tr>\n<tr>\n<td>8<\/td>\n<td>Gabriel Rojas<\/td>\n<td>Manza T\u00e9 La Selva No Varix<\/td>\n<td><\/td>\n<td><\/td>\n<td><\/td>\n<td>0:42<\/td>\n<\/tr>\n<tr>\n<td>9<\/td>\n<td>Bolivar Espinosa <\/td>\n<td>Senafront<\/td>\n<td><\/td>\n<td><\/td>\n<td><\/td>\n<td>0:42<\/td>\n<\/tr>\n<tr>\n<td><strong>10<\/strong><\/td>\n<td><strong>Felipe Bravo <\/strong><\/td>\n<td><strong>GW Erco SportFitness<\/strong><\/td>\n<td><\/td>\n<td><\/td>\n<td><\/td>\n<td><strong>0:46<\/strong><\/td>\n<\/tr>\n<\/tbody>\n<\/table>\n<\/figure>\n<\/div>\n","protected":false},"excerpt":{"rendered":"<p>Sigue el dominio de los equipos colombianos en las carreras UCI que se disputan en Panam\u00e1 por estos d\u00edas. Ratificando su gran estado de forma, el antioque\u00f1o Wilmar Paredes sali\u00f3&hellip; <\/p>\n","protected":false},"author":1,"featured_media":2524,"comment_status":"open","ping_status":"closed","sticky":false,"template":"Default","format":"standard","meta":{"om_disable_all_campaigns":false,"_monsterinsights_skip_tracking":false,"fifu_image_url":"https:\/\/www.revistamundociclistico.com\/wp-content\/uploads\/2026\/08\/Wilmar-Paredes-1ET-Clasica-Azuero-2026-1024x683.jpg","fifu_image_alt":"","footnotes":""},"categories":[9],"tags":[],"class_list":["post-2523","post","type-post","status-publish","format-standard","has-post-thumbnail","hentry","category-deportes"],"_links":{"self":[{"href":"https:\/\/radiomiaboyaca.com\/index.php\/wp-json\/wp\/v2\/posts\/2523","targetHints":{"allow":["GET"]}}],"collection":[{"href":"https:\/\/radiomiaboyaca.com\/index.php\/wp-json\/wp\/v2\/posts"}],"about":[{"href":"https:\/\/radiomiaboyaca.com\/index.php\/wp-json\/wp\/v2\/types\/post"}],"author":[{"embeddable":true,"href":"https:\/\/radiomiaboyaca.com\/index.php\/wp-json\/wp\/v2\/users\/1"}],"replies":[{"embeddable":true,"href":"https:\/\/radiomiaboyaca.com\/index.php\/wp-json\/wp\/v2\/comments?post=2523"}],"version-history":[{"count":1,"href":"https:\/\/radiomiaboyaca.com\/index.php\/wp-json\/wp\/v2\/posts\/2523\/revisions"}],"predecessor-version":[{"id":2525,"href":"https:\/\/radiomiaboyaca.com\/index.php\/wp-json\/wp\/v2\/posts\/2523\/revisions\/2525"}],"wp:featuredmedia":[{"embeddable":true,"href":"https:\/\/radiomiaboyaca.com\/index.php\/wp-json\/wp\/v2\/media\/2524"}],"wp:attachment":[{"href":"https:\/\/radiomiaboyaca.com\/index.php\/wp-json\/wp\/v2\/media?parent=2523"}],"wp:term":[{"taxonomy":"category","embeddable":true,"href":"https:\/\/radiomiaboyaca.com\/index.php\/wp-json\/wp\/v2\/categories?post=2523"},{"taxonomy":"post_tag","embeddable":true,"href":"https:\/\/radiomiaboyaca.com\/index.php\/wp-json\/wp\/v2\/tags?post=2523"}],"curies":[{"name":"wp","href":"https:\/\/api.w.org\/{rel}","templated":true}]}}